{"id":16001,"date":"2024-09-10T14:20:45","date_gmt":"2024-09-10T12:20:45","guid":{"rendered":"https:\/\/www.alssport.es\/blog\/?p=16001"},"modified":"2024-09-10T14:20:45","modified_gmt":"2024-09-10T12:20:45","slug":"alpine-connections-la-ultima-hazana-de-kilian-jornet","status":"publish","type":"post","link":"https:\/\/www.alssport.es\/blog\/alpine-connections-la-ultima-hazana-de-kilian-jornet\/","title":{"rendered":"Alpine Connections: la \u00faltima haza\u00f1a de Kilian Jornet"},"content":{"rendered":"<div id=\"pl-16001\"  class=\"panel-layout\" ><div id=\"pg-16001-0\"  class=\"panel-grid panel-no-style\" ><div id=\"pgc-16001-0-0\"  class=\"panel-grid-cell\" ><div id=\"panel-16001-0-0-0\" class=\"so-panel widget widget_sow-editor panel-first-child\" data-index=\"0\" ><div\n\t\t\t\n\t\t\tclass=\"so-widget-sow-editor so-widget-sow-editor-base\"\n\t\t\t\n\t\t>\n<div class=\"siteorigin-widget-tinymce textwidget\">\n\t<p><span style=\"font-weight: 400;\">Ya no sabemos si decir que <\/span><a href=\"https:\/\/www.alssport.es\/123_nnormal\"><b>Kilian Jornet<\/b><\/a> <span style=\"font-weight: 400;\">es un extraterrestre, un s\u00faper humano o <\/span><i><span style=\"font-weight: 400;\">simplemente <\/span><\/i><span style=\"font-weight: 400;\">un t\u00edo con una fuerza de voluntad incre\u00edble y una gen\u00e9tica a\u00fan m\u00e1s incre\u00edble.<\/span><\/p>\n<p><span style=\"font-weight: 400;\">\u00bfPor qu\u00e9 decimos esto? Pues porque <\/span><b>Kilian<\/b><span style=\"font-weight: 400;\">, tras haber completado en los \u00faltimos a\u00f1os proyectos personales enfocados al alpinismo como <\/span><b>subir al Everest <\/b><span style=\"font-weight: 400;\">en solitario dos veces seguidas, ha querido volver a dejarnos a todos y todas con la boca abierta.<\/span><\/p>\n<p>&nbsp;<\/p>\n<div id=\"ez-toc-container\" class=\"ez-toc-v2_0_69_1 counter-hierarchy ez-toc-counter ez-toc-custom ez-toc-container-direction\">\n<div class=\"ez-toc-title-container\">\n<p class=\"ez-toc-title\" style=\"cursor:inherit\">Contenidos del Art\u00edculo<\/p>\n<span class=\"ez-toc-title-toggle\"><a href=\"#\" class=\"ez-toc-pull-right ez-toc-btn ez-toc-btn-xs ez-toc-btn-default ez-toc-toggle\" aria-label=\"Toggle Table of Content\"><span class=\"ez-toc-js-icon-con\"><span class=\"\"><span class=\"eztoc-hide\" style=\"display:none;\">Toggle<\/span><span class=\"ez-toc-icon-toggle-span\"><svg style=\"fill: #999;color:#999\" xmlns=\"http:\/\/www.w3.org\/2000\/svg\" class=\"list-377408\" width=\"20px\" height=\"20px\" viewBox=\"0 0 24 24\" fill=\"none\"><path d=\"M6 6H4v2h2V6zm14 0H8v2h12V6zM4 11h2v2H4v-2zm16 0H8v2h12v-2zM4 16h2v2H4v-2zm16 0H8v2h12v-2z\" fill=\"currentColor\"><\/path><\/svg><svg style=\"fill: #999;color:#999\" class=\"arrow-unsorted-368013\" xmlns=\"http:\/\/www.w3.org\/2000\/svg\" width=\"10px\" height=\"10px\" viewBox=\"0 0 24 24\" version=\"1.2\" baseProfile=\"tiny\"><path d=\"M18.2 9.3l-6.2-6.3-6.2 6.3c-.2.2-.3.4-.3.7s.1.5.3.7c.2.2.4.3.7.3h11c.3 0 .5-.1.7-.3.2-.2.3-.5.3-.7s-.1-.5-.3-.7zM5.8 14.7l6.2 6.3 6.2-6.3c.2-.2.3-.5.3-.7s-.1-.5-.3-.7c-.2-.2-.4-.3-.7-.3h-11c-.3 0-.5.1-.7.3-.2.2-.3.5-.3.7s.1.5.3.7z\"\/><\/svg><\/span><\/span><\/span><\/a><\/span><\/div>\n<nav><ul class='ez-toc-list ez-toc-list-level-1 eztoc-toggle-hide-by-default' ><li class='ez-toc-page-1 ez-toc-heading-level-2'><a class=\"ez-toc-link ez-toc-heading-1\" href=\"https:\/\/www.alssport.es\/blog\/alpine-connections-la-ultima-hazana-de-kilian-jornet\/#%C2%BFQue_ha_hecho_esta_vez\" title=\"\u00bfQu\u00e9 ha hecho esta vez?\">\u00bfQu\u00e9 ha hecho esta vez?<\/a><\/li><li class='ez-toc-page-1 ez-toc-heading-level-2'><a class=\"ez-toc-link ez-toc-heading-2\" href=\"https:\/\/www.alssport.es\/blog\/alpine-connections-la-ultima-hazana-de-kilian-jornet\/#%C2%A1Queremos_saber_mas\" title=\"\u00a1Queremos saber m\u00e1s!\">\u00a1Queremos saber m\u00e1s!<\/a><\/li><li class='ez-toc-page-1 ez-toc-heading-level-2'><a class=\"ez-toc-link ez-toc-heading-3\" href=\"https:\/\/www.alssport.es\/blog\/alpine-connections-la-ultima-hazana-de-kilian-jornet\/#%C2%BFComo_te_quedas\" title=\"\u00bfC\u00f3mo te quedas?\">\u00bfC\u00f3mo te quedas?<\/a><\/li><\/ul><\/nav><\/div>\n<h2><span class=\"ez-toc-section\" id=\"%C2%BFQue_ha_hecho_esta_vez\"><\/span><span style=\"font-weight: 400;\">\u00bfQu\u00e9 ha hecho esta vez?<\/span><span class=\"ez-toc-section-end\"><\/span><\/h2>\n<p><span style=\"font-weight: 400;\">Pues prep\u00e1rate para cansarte s\u00f3lo con leerlo, porque es lo que nos ha pasado a nosotros al ir viendo su <\/span><i><span style=\"font-weight: 400;\">aventura<\/span><\/i><span style=\"font-weight: 400;\"> o mejor dicho haza\u00f1a d\u00eda a d\u00eda en sus redes sociales.<\/span><\/p>\n<p><span style=\"font-weight: 400;\">Sin usar coches (ni veh\u00edculo a motor de combusti\u00f3n alguno) se propuso empezar el pasado 13 de agosto, a alcanzar <\/span><b>todas <\/b><span style=\"font-weight: 400;\">las cimas de <\/span><b>m\u00e1s <\/b><span style=\"font-weight: 400;\">de <\/span><b>4000 metros de altura <\/b><span style=\"font-weight: 400;\">de los<\/span><a href=\"https:\/\/manage.kmail-lists.com\/subscriptions\/web-view?a=Wg8Xn4&amp;c=01H9VGXNEDYBFXXMHNHNFCWYNP&amp;k=59880e0fb8baab59c9633e7f33cbf530&amp;g=SBRNVx&amp;m=01J71GNJ2HG9CX60ZP288FP2D6&amp;r=3dkPwwy2\"> <b>Alpes<\/b><\/a><span style=\"font-weight: 400;\">.<\/span><\/p>\n<p><span style=\"font-weight: 400;\">As\u00ed. Como se lee.<\/span><\/p>\n<p><span style=\"font-weight: 400;\">En apenas 19 d\u00edas con sus noches como si fuera una canci\u00f3n de Joaqu\u00edn Sabina <\/span><b>Kilian Jornet <\/b><span style=\"font-weight: 400;\">encaden\u00f3 horas y horas de combinar <\/span><b>alpinismo<\/b><span style=\"font-weight: 400;\">, <\/span><a href=\"https:\/\/www.alssport.es\/200-trail-running\"><b>trail running<\/b><\/a><span style=\"font-weight: 400;\"> y <\/span><b>ciclismo <\/b><span style=\"font-weight: 400;\">para poder completar un reto que, de leerlo, ya da v\u00e9rtigo. El mismo que parece que no conoce el deportista catal\u00e1n.<\/span><\/p>\n<p><span style=\"font-weight: 400;\">Con prisa y sin pausa, <\/span><b>Kilian <\/b><span style=\"font-weight: 400;\">se rode\u00f3 de gente del m\u00e1ximo nivel y de gran confianza para \u00e9l para que fueran relev\u00e1ndose a la hora de acompa\u00f1arle en la gesta. Deportistas de la talla de <\/span><b>Gen\u00eds Zapater<\/b><span style=\"font-weight: 400;\">, reconocido monta\u00f1ista que destaca por su capacidad de rendir en m\u00faltiples disciplinas deportivas de monta\u00f1a.<\/span><\/p>\n<p><span style=\"font-weight: 400;\">Un d\u00eda tras otro fue conquistando sus cimas en actividades, o bien largas o bien muy largas que le llevaban al l\u00edmite de lo conocido.<\/span><\/p>\n<\/div>\n<\/div><\/div><div id=\"panel-16001-0-0-1\" class=\"so-panel widget widget_sow-image\" data-index=\"1\" ><div\n\t\t\t\n\t\t\tclass=\"so-widget-sow-image so-widget-sow-image-default-8b5b6f678277-16001\"\n\t\t\t\n\t\t>\n\n<div class=\"sow-image-container\">\n\t\t\t<a href=\"https:\/\/es.coros.com\/stories\/more-than-splits\/c\/alpine-connections\"\n\t\t\t\t\t>\n\t\t\t<img decoding=\"async\" src=\"https:\/\/www.alssport.es\/blog\/wp-content\/uploads\/2024\/09\/c9e3dc9914050afc37ab4b3dbb076c03-1-compressed.jpg\" width=\"1280\" height=\"1279\" title=\"ALPINE CONNECTIONS KILIAN JORNET\" alt=\"\" \t\tclass=\"so-widget-image\"\/>\n\t<\/a><\/div>\n\n<\/div><\/div><div id=\"panel-16001-0-0-2\" class=\"so-panel widget widget_sow-editor panel-last-child\" data-index=\"2\" ><div\n\t\t\t\n\t\t\tclass=\"so-widget-sow-editor so-widget-sow-editor-base\"\n\t\t\t\n\t\t>\n<div class=\"siteorigin-widget-tinymce textwidget\">\n\t<h2><span class=\"ez-toc-section\" id=\"%C2%A1Queremos_saber_mas\"><\/span><span style=\"font-weight: 400;\">\u00a1Queremos saber m\u00e1s!<\/span><span class=\"ez-toc-section-end\"><\/span><\/h2>\n<p><span style=\"font-weight: 400;\">Por suerte para quienes sean amantes de los datos m\u00e1s t\u00e9cnicos de las actividades deportivas, <\/span><b>Kilian Jornet <\/b><span style=\"font-weight: 400;\">se embarc\u00f3 en esta aventura de la mano de <\/span><b>Coros <\/b><span style=\"font-weight: 400;\">con lo que estuvo registrando todas y cada una de sus actividades.<\/span><\/p>\n<p><span style=\"font-weight: 400;\">En la mu\u00f1eca llevaba un <\/span><a href=\"https:\/\/www.alssport.es\/relojes\/8411-reloj-deportivo-gps-coros-vertix-2s.html\"><b>Coros Vertix 2S<\/b><\/a> <span style=\"font-weight: 400;\">y en el manillar de su bicicleta el nuevo navegador de <\/span><b>Coros<\/b><span style=\"font-weight: 400;\">, el <\/span><b>Coros Dura<\/b><span style=\"font-weight: 400;\">.<\/span><\/p>\n<p><a href=\"https:\/\/www.alssport.es\/blog\/review-coros-vertix-2s\/\"><span style=\"font-weight: 400;\">Esto te puede interesar&gt;Review Coros Vertix 2S<\/span><\/a><\/p>\n<p><span style=\"font-weight: 400;\">Toda una prueba de resistencia, no solamente para \u00e9l, sus piernas y su mente. Tambi\u00e9n pondr\u00eda al l\u00edmite las capacidades del material que llevaba consigo porque en su camino hacia las diferentes cimas que inclu\u00edan el <\/span><b>Mont Blanc<\/b><span style=\"font-weight: 400;\">, <\/span><b>Grand Paradiso <\/b><span style=\"font-weight: 400;\">o las imponentes <\/span><b>Grandes Jorasses<\/b><span style=\"font-weight: 400;\"> la meteorolog\u00eda ser\u00eda dura: temperaturas bajo cero e incluso jornadas con nevadas.<\/span><\/p>\n<p><span style=\"font-weight: 400;\">Si dividimos, en dos, las actividades por los <\/span><b>Alpes<\/b><span style=\"font-weight: 400;\">, tenemos que <\/span><b>Kilian <\/b><span style=\"font-weight: 400;\">recorri\u00f3 unos <\/span><b>630 kil\u00f3metros <\/b><span style=\"font-weight: 400;\">en <\/span><b>bicicleta <\/b><span style=\"font-weight: 400;\">navegando con el <\/span><b>Coros Dura<\/b><span style=\"font-weight: 400;\"> y aprovechando su tremenda bater\u00eda (m\u00e1s de <\/span><b>100 horas <\/b><span style=\"font-weight: 400;\">en navegaci\u00f3n) y la <\/span><b>carga solar <\/b><span style=\"font-weight: 400;\">del mismo. Sumar\u00eda, sobre dos ruedas, <\/span><b>m\u00e1s de 12.000 metros de desnivel positivo<\/b><span style=\"font-weight: 400;\">.<\/span><\/p>\n<p><span style=\"font-weight: 400;\">El resto de kil\u00f3metros y del desnivel positivo acumulado hasta sumar un total de <\/span><b>75.344 metros positivos<\/b><span style=\"font-weight: 400;\"> y <\/span><b>1207 kil\u00f3metros<\/b><span style=\"font-weight: 400;\"> los har\u00eda a pie. Corriendo o marchando en solitario o encordado en actividades alpinas registr\u00e1ndolo todo con su <\/span><b>Vertix 2S <\/b><span style=\"font-weight: 400;\">y <\/span><b>siempre <\/b><span style=\"font-weight: 400;\">acompa\u00f1ado de las <\/span><b>NNormal Tomir 2.0<\/b><span style=\"font-weight: 400;\">.<\/span><\/p>\n<p><a href=\"https:\/\/www.alssport.es\/blog\/review-nnormal-tomir-2-0\/\"><span style=\"font-weight: 400;\">Esto te puede interesar&gt;Review NNormal Tomir 2.0<\/span><\/a><\/p>\n<p><span style=\"font-weight: 400;\">Destacar, dentro de todo lo destacad\u00edsimo de la acci\u00f3n de <\/span><b>Kilian Jornet<\/b><span style=\"font-weight: 400;\">, que la jornada m\u00e1s larga de actividad fueron los <\/span><b>99 kil\u00f3metros <\/b><span style=\"font-weight: 400;\">en unas <\/span><b>32 horas <\/b><span style=\"font-weight: 400;\">con m\u00e1s de <\/span><b>8.000 metros <\/b><span style=\"font-weight: 400;\">de desnivel. As\u00ed, como suena. \u00a1Y esta era la tercera jornada de un total de 19!<\/span><\/p>\n<p><span style=\"font-weight: 400;\">El an\u00e1lisis detallado que nos facilitan desde <\/span><a href=\"https:\/\/www.alssport.es\/97_coros\"><b>Coros <\/b><\/a><span style=\"font-weight: 400;\">es como si <\/span><b>Kilian <\/b><span style=\"font-weight: 400;\">hubiera competido y ganado en la dura <\/span><b>Zegama Aizkorri <\/b><span style=\"font-weight: 400;\">una vez cada tres d\u00edas durante 19 d\u00edas consecutivos.<\/span><\/p>\n<h2><span class=\"ez-toc-section\" id=\"%C2%BFComo_te_quedas\"><\/span><span style=\"font-weight: 400;\">\u00bfC\u00f3mo te quedas?<\/span><span class=\"ez-toc-section-end\"><\/span><\/h2>\n<p><span style=\"font-weight: 400;\">\u00a1Nosotros nos quedamos, sencillamente, alucinados, con las capacidades incre\u00edbles del deportista de <\/span><b>NNormal <\/b><span style=\"font-weight: 400;\">y <\/span><b>Coros<\/b><span style=\"font-weight: 400;\">!<\/span><\/p>\n<p><span style=\"font-weight: 400;\">No s\u00f3lo nos facilita entender de qu\u00e9 es capaz la tecnolog\u00eda y equipamiento que empleamos en cada uno de nuestros entrenamientos si no, lo m\u00e1s importante. Nos ayuda a entender que el ser humano es capaz de hacer cosas incre\u00edbles y, cada vez, m\u00e1s sorprendentes e innovadoras.<\/span><\/p>\n<p><span style=\"font-weight: 400;\">\u00a1Como conectar 82 cimas de m\u00e1s de 4.000 metros de altura en apenas 19 d\u00edas en los Alpes!<\/span><\/p>\n<p><span style=\"font-weight: 400;\">Si quieres conocer detalles a\u00fan m\u00e1s concretos de la bestial acci\u00f3n de <\/span><b>Kilian Jornet <\/b><span style=\"font-weight: 400;\">aqu\u00ed te dejamos toditos los datos m\u00e1s desgranados:\u00a0<\/span><\/p>\n<p><a href=\"https:\/\/es.coros.com\/stories\/more-than-splits\/c\/alpine-connections?_kx=w_h2jAFB7AAnrQL_pE_hhmIWSYqMhF-YeeBuP4FXloA.Wg8Xn4\"><span style=\"font-weight: 400;\">Conexiones Alpinas: Kilian Jornet encadena 82 cimas en 19 d\u00edas<\/span><\/a><\/p>\n<\/div>\n<\/div><\/div><\/div><\/div><\/div>","protected":false},"excerpt":{"rendered":"<p>Ya no sabemos si decir que Kilian Jornet es un extraterrestre, un s\u00faper humano o simplemente un t\u00edo con una fuerza de voluntad incre\u00edble y una gen\u00e9tica a\u00fan m\u00e1s incre\u00edble. \u00bfPor qu\u00e9 decimos esto? Pues porque Kilian, tras haber completado [&hellip;]<\/p>\n","protected":false},"author":6,"featured_media":16005,"comment_status":"closed","ping_status":"closed","sticky":false,"template":"","format":"standard","meta":{"_uf_show_specific_survey":0,"_uf_disable_surveys":false,"footnotes":""},"categories":[3],"tags":[],"class_list":["post-16001","post","type-post","status-publish","format-standard","has-post-thumbnail","hentry","category-eventos"],"yoast_head":"<!-- This site is optimized with the Yoast SEO plugin v25.6 - https:\/\/yoast.com\/wordpress\/plugins\/seo\/ -->\n<title>Alpine Connections: la \u00faltima haza\u00f1a de Kilian Jornet | ALS Sport<\/title>\n<meta name=\"description\" content=\"Kilian Jornet ha coronado en 19 d\u00edas las 82 cimas de m\u00e1s de 4.000m de los Alpes.\u00a1Analizamos los datos de esta salvajada!\" \/>\n<meta name=\"robots\" content=\"index, follow, max-snippet:-1, max-image-preview:large, max-video-preview:-1\" \/>\n<link rel=\"canonical\" href=\"https:\/\/www.alssport.es\/blog\/alpine-connections-la-ultima-hazana-de-kilian-jornet\/\" \/>\n<meta property=\"og:locale\" content=\"es_ES\" \/>\n<meta property=\"og:type\" content=\"article\" \/>\n<meta property=\"og:title\" content=\"Alpine Connections: la \u00faltima haza\u00f1a de Kilian Jornet | ALS Sport\" \/>\n<meta property=\"og:description\" content=\"Kilian Jornet ha coronado en 19 d\u00edas las 82 cimas de m\u00e1s de 4.000m de los Alpes.\u00a1Analizamos los datos de esta salvajada!\" \/>\n<meta property=\"og:url\" content=\"https:\/\/www.alssport.es\/blog\/alpine-connections-la-ultima-hazana-de-kilian-jornet\/\" \/>\n<meta property=\"og:site_name\" content=\"ALS Sport\" \/>\n<meta property=\"article:published_time\" content=\"2024-09-10T12:20:45+00:00\" \/>\n<meta property=\"og:image\" content=\"https:\/\/www.alssport.es\/blog\/wp-content\/uploads\/2024\/09\/10-09-BLOG-KILIAN-JORNET-1.jpg\" \/>\n\t<meta property=\"og:image:width\" content=\"1920\" \/>\n\t<meta property=\"og:image:height\" content=\"1080\" \/>\n\t<meta property=\"og:image:type\" content=\"image\/jpeg\" \/>\n<meta name=\"author\" content=\"Marketing\" \/>\n<meta name=\"twitter:card\" content=\"summary_large_image\" \/>\n<meta name=\"twitter:creator\" content=\"@als_sport_es\" \/>\n<meta name=\"twitter:site\" content=\"@als_sport_es\" \/>\n<meta name=\"twitter:label1\" content=\"Escrito por\" \/>\n\t<meta name=\"twitter:data1\" content=\"Marketing\" \/>\n\t<meta name=\"twitter:label2\" content=\"Tiempo de lectura\" \/>\n\t<meta name=\"twitter:data2\" content=\"4 minutos\" \/>\n<script type=\"application\/ld+json\" class=\"yoast-schema-graph\">{\"@context\":\"https:\/\/schema.org\",\"@graph\":[{\"@type\":\"NewsArticle\",\"@id\":\"https:\/\/www.alssport.es\/blog\/alpine-connections-la-ultima-hazana-de-kilian-jornet\/#article\",\"isPartOf\":{\"@id\":\"https:\/\/www.alssport.es\/blog\/alpine-connections-la-ultima-hazana-de-kilian-jornet\/\"},\"author\":{\"name\":\"Marketing\",\"@id\":\"https:\/\/www.alssport.es\/blog\/#\/schema\/person\/fe1597db8f8a6b2bb995f2e2f237aa2e\"},\"headline\":\"Alpine Connections: la \u00faltima haza\u00f1a de Kilian Jornet\",\"datePublished\":\"2024-09-10T12:20:45+00:00\",\"mainEntityOfPage\":{\"@id\":\"https:\/\/www.alssport.es\/blog\/alpine-connections-la-ultima-hazana-de-kilian-jornet\/\"},\"wordCount\":776,\"publisher\":{\"@id\":\"https:\/\/www.alssport.es\/blog\/#organization\"},\"image\":{\"@id\":\"https:\/\/www.alssport.es\/blog\/alpine-connections-la-ultima-hazana-de-kilian-jornet\/#primaryimage\"},\"thumbnailUrl\":\"https:\/\/www.alssport.es\/blog\/wp-content\/uploads\/2024\/09\/10-09-BLOG-KILIAN-JORNET-1.jpg\",\"articleSection\":[\"Eventos\"],\"inLanguage\":\"es\",\"copyrightYear\":\"2024\",\"copyrightHolder\":{\"@id\":\"https:\/\/www.alssport.es\/blog\/#organization\"}},{\"@type\":[\"WebPage\",\"ItemPage\"],\"@id\":\"https:\/\/www.alssport.es\/blog\/alpine-connections-la-ultima-hazana-de-kilian-jornet\/\",\"url\":\"https:\/\/www.alssport.es\/blog\/alpine-connections-la-ultima-hazana-de-kilian-jornet\/\",\"name\":\"Alpine Connections: la \u00faltima haza\u00f1a de Kilian Jornet | ALS Sport\",\"isPartOf\":{\"@id\":\"https:\/\/www.alssport.es\/blog\/#website\"},\"primaryImageOfPage\":{\"@id\":\"https:\/\/www.alssport.es\/blog\/alpine-connections-la-ultima-hazana-de-kilian-jornet\/#primaryimage\"},\"image\":{\"@id\":\"https:\/\/www.alssport.es\/blog\/alpine-connections-la-ultima-hazana-de-kilian-jornet\/#primaryimage\"},\"thumbnailUrl\":\"https:\/\/www.alssport.es\/blog\/wp-content\/uploads\/2024\/09\/10-09-BLOG-KILIAN-JORNET-1.jpg\",\"datePublished\":\"2024-09-10T12:20:45+00:00\",\"description\":\"Kilian Jornet ha coronado en 19 d\u00edas las 82 cimas de m\u00e1s de 4.000m de los Alpes.\u00a1Analizamos los datos de esta salvajada!\",\"breadcrumb\":{\"@id\":\"https:\/\/www.alssport.es\/blog\/alpine-connections-la-ultima-hazana-de-kilian-jornet\/#breadcrumb\"},\"inLanguage\":\"es\",\"potentialAction\":[{\"@type\":\"ReadAction\",\"target\":[\"https:\/\/www.alssport.es\/blog\/alpine-connections-la-ultima-hazana-de-kilian-jornet\/\"]}]},{\"@type\":\"ImageObject\",\"inLanguage\":\"es\",\"@id\":\"https:\/\/www.alssport.es\/blog\/alpine-connections-la-ultima-hazana-de-kilian-jornet\/#primaryimage\",\"url\":\"https:\/\/www.alssport.es\/blog\/wp-content\/uploads\/2024\/09\/10-09-BLOG-KILIAN-JORNET-1.jpg\",\"contentUrl\":\"https:\/\/www.alssport.es\/blog\/wp-content\/uploads\/2024\/09\/10-09-BLOG-KILIAN-JORNET-1.jpg\",\"width\":1920,\"height\":1080},{\"@type\":\"BreadcrumbList\",\"@id\":\"https:\/\/www.alssport.es\/blog\/alpine-connections-la-ultima-hazana-de-kilian-jornet\/#breadcrumb\",\"itemListElement\":[{\"@type\":\"ListItem\",\"position\":1,\"name\":\"Portada\",\"item\":\"https:\/\/www.alssport.es\/blog\/\"},{\"@type\":\"ListItem\",\"position\":2,\"name\":\"Alpine Connections: la \u00faltima haza\u00f1a de Kilian Jornet\"}]},{\"@type\":\"WebSite\",\"@id\":\"https:\/\/www.alssport.es\/blog\/#website\",\"url\":\"https:\/\/www.alssport.es\/blog\/\",\"name\":\"Als Sport\",\"description\":\"Descubre nuestros consejos para mejorar tu rendimiento, reviews de las mejores zapatillas running y la cobertura de los eventos exclusivos para corredores.\",\"publisher\":{\"@id\":\"https:\/\/www.alssport.es\/blog\/#organization\"},\"potentialAction\":[{\"@type\":\"SearchAction\",\"target\":{\"@type\":\"EntryPoint\",\"urlTemplate\":\"https:\/\/www.alssport.es\/blog\/?s={search_term_string}\"},\"query-input\":{\"@type\":\"PropertyValueSpecification\",\"valueRequired\":true,\"valueName\":\"search_term_string\"}}],\"inLanguage\":\"es\"},{\"@type\":\"Organization\",\"@id\":\"https:\/\/www.alssport.es\/blog\/#organization\",\"name\":\"Als Sport\",\"url\":\"https:\/\/www.alssport.es\/blog\/\",\"logo\":{\"@type\":\"ImageObject\",\"inLanguage\":\"es\",\"@id\":\"https:\/\/www.alssport.es\/blog\/#\/schema\/logo\/image\/\",\"url\":\"https:\/\/www.alssport.es\/blog\/wp-content\/uploads\/2022\/04\/als-fav.png\",\"contentUrl\":\"https:\/\/www.alssport.es\/blog\/wp-content\/uploads\/2022\/04\/als-fav.png\",\"width\":200,\"height\":200,\"caption\":\"Als Sport\"},\"image\":{\"@id\":\"https:\/\/www.alssport.es\/blog\/#\/schema\/logo\/image\/\"},\"sameAs\":[\"https:\/\/x.com\/als_sport_es\",\"https:\/\/www.instagram.com\/als_sport\/\",\"https:\/\/www.youtube.com\/c\/alssportesgr\"]},{\"@type\":\"Person\",\"@id\":\"https:\/\/www.alssport.es\/blog\/#\/schema\/person\/fe1597db8f8a6b2bb995f2e2f237aa2e\",\"name\":\"Marketing\",\"image\":{\"@type\":\"ImageObject\",\"inLanguage\":\"es\",\"@id\":\"https:\/\/www.alssport.es\/blog\/#\/schema\/person\/image\/\",\"url\":\"https:\/\/secure.gravatar.com\/avatar\/8e544daf2acf8bf1ea61b3afe14a9aff?s=96&d=mm&r=g\",\"contentUrl\":\"https:\/\/secure.gravatar.com\/avatar\/8e544daf2acf8bf1ea61b3afe14a9aff?s=96&d=mm&r=g\",\"caption\":\"Marketing\"}}]}<\/script>\n<!-- \/ Yoast SEO plugin. -->","yoast_head_json":{"title":"Alpine Connections: la \u00faltima haza\u00f1a de Kilian Jornet | ALS Sport","description":"Kilian Jornet ha coronado en 19 d\u00edas las 82 cimas de m\u00e1s de 4.000m de los Alpes.\u00a1Analizamos los datos de esta salvajada!","robots":{"index":"index","follow":"follow","max-snippet":"max-snippet:-1","max-image-preview":"max-image-preview:large","max-video-preview":"max-video-preview:-1"},"canonical":"https:\/\/www.alssport.es\/blog\/alpine-connections-la-ultima-hazana-de-kilian-jornet\/","og_locale":"es_ES","og_type":"article","og_title":"Alpine Connections: la \u00faltima haza\u00f1a de Kilian Jornet | ALS Sport","og_description":"Kilian Jornet ha coronado en 19 d\u00edas las 82 cimas de m\u00e1s de 4.000m de los Alpes.\u00a1Analizamos los datos de esta salvajada!","og_url":"https:\/\/www.alssport.es\/blog\/alpine-connections-la-ultima-hazana-de-kilian-jornet\/","og_site_name":"ALS Sport","article_published_time":"2024-09-10T12:20:45+00:00","og_image":[{"width":1920,"height":1080,"url":"https:\/\/www.alssport.es\/blog\/wp-content\/uploads\/2024\/09\/10-09-BLOG-KILIAN-JORNET-1.jpg","type":"image\/jpeg"}],"author":"Marketing","twitter_card":"summary_large_image","twitter_creator":"@als_sport_es","twitter_site":"@als_sport_es","twitter_misc":{"Escrito por":"Marketing","Tiempo de lectura":"4 minutos"},"schema":{"@context":"https:\/\/schema.org","@graph":[{"@type":"NewsArticle","@id":"https:\/\/www.alssport.es\/blog\/alpine-connections-la-ultima-hazana-de-kilian-jornet\/#article","isPartOf":{"@id":"https:\/\/www.alssport.es\/blog\/alpine-connections-la-ultima-hazana-de-kilian-jornet\/"},"author":{"name":"Marketing","@id":"https:\/\/www.alssport.es\/blog\/#\/schema\/person\/fe1597db8f8a6b2bb995f2e2f237aa2e"},"headline":"Alpine Connections: la \u00faltima haza\u00f1a de Kilian Jornet","datePublished":"2024-09-10T12:20:45+00:00","mainEntityOfPage":{"@id":"https:\/\/www.alssport.es\/blog\/alpine-connections-la-ultima-hazana-de-kilian-jornet\/"},"wordCount":776,"publisher":{"@id":"https:\/\/www.alssport.es\/blog\/#organization"},"image":{"@id":"https:\/\/www.alssport.es\/blog\/alpine-connections-la-ultima-hazana-de-kilian-jornet\/#primaryimage"},"thumbnailUrl":"https:\/\/www.alssport.es\/blog\/wp-content\/uploads\/2024\/09\/10-09-BLOG-KILIAN-JORNET-1.jpg","articleSection":["Eventos"],"inLanguage":"es","copyrightYear":"2024","copyrightHolder":{"@id":"https:\/\/www.alssport.es\/blog\/#organization"}},{"@type":["WebPage","ItemPage"],"@id":"https:\/\/www.alssport.es\/blog\/alpine-connections-la-ultima-hazana-de-kilian-jornet\/","url":"https:\/\/www.alssport.es\/blog\/alpine-connections-la-ultima-hazana-de-kilian-jornet\/","name":"Alpine Connections: la \u00faltima haza\u00f1a de Kilian Jornet | ALS Sport","isPartOf":{"@id":"https:\/\/www.alssport.es\/blog\/#website"},"primaryImageOfPage":{"@id":"https:\/\/www.alssport.es\/blog\/alpine-connections-la-ultima-hazana-de-kilian-jornet\/#primaryimage"},"image":{"@id":"https:\/\/www.alssport.es\/blog\/alpine-connections-la-ultima-hazana-de-kilian-jornet\/#primaryimage"},"thumbnailUrl":"https:\/\/www.alssport.es\/blog\/wp-content\/uploads\/2024\/09\/10-09-BLOG-KILIAN-JORNET-1.jpg","datePublished":"2024-09-10T12:20:45+00:00","description":"Kilian Jornet ha coronado en 19 d\u00edas las 82 cimas de m\u00e1s de 4.000m de los Alpes.\u00a1Analizamos los datos de esta salvajada!","breadcrumb":{"@id":"https:\/\/www.alssport.es\/blog\/alpine-connections-la-ultima-hazana-de-kilian-jornet\/#breadcrumb"},"inLanguage":"es","potentialAction":[{"@type":"ReadAction","target":["https:\/\/www.alssport.es\/blog\/alpine-connections-la-ultima-hazana-de-kilian-jornet\/"]}]},{"@type":"ImageObject","inLanguage":"es","@id":"https:\/\/www.alssport.es\/blog\/alpine-connections-la-ultima-hazana-de-kilian-jornet\/#primaryimage","url":"https:\/\/www.alssport.es\/blog\/wp-content\/uploads\/2024\/09\/10-09-BLOG-KILIAN-JORNET-1.jpg","contentUrl":"https:\/\/www.alssport.es\/blog\/wp-content\/uploads\/2024\/09\/10-09-BLOG-KILIAN-JORNET-1.jpg","width":1920,"height":1080},{"@type":"BreadcrumbList","@id":"https:\/\/www.alssport.es\/blog\/alpine-connections-la-ultima-hazana-de-kilian-jornet\/#breadcrumb","itemListElement":[{"@type":"ListItem","position":1,"name":"Portada","item":"https:\/\/www.alssport.es\/blog\/"},{"@type":"ListItem","position":2,"name":"Alpine Connections: la \u00faltima haza\u00f1a de Kilian Jornet"}]},{"@type":"WebSite","@id":"https:\/\/www.alssport.es\/blog\/#website","url":"https:\/\/www.alssport.es\/blog\/","name":"Als Sport","description":"Descubre nuestros consejos para mejorar tu rendimiento, reviews de las mejores zapatillas running y la cobertura de los eventos exclusivos para corredores.","publisher":{"@id":"https:\/\/www.alssport.es\/blog\/#organization"},"potentialAction":[{"@type":"SearchAction","target":{"@type":"EntryPoint","urlTemplate":"https:\/\/www.alssport.es\/blog\/?s={search_term_string}"},"query-input":{"@type":"PropertyValueSpecification","valueRequired":true,"valueName":"search_term_string"}}],"inLanguage":"es"},{"@type":"Organization","@id":"https:\/\/www.alssport.es\/blog\/#organization","name":"Als Sport","url":"https:\/\/www.alssport.es\/blog\/","logo":{"@type":"ImageObject","inLanguage":"es","@id":"https:\/\/www.alssport.es\/blog\/#\/schema\/logo\/image\/","url":"https:\/\/www.alssport.es\/blog\/wp-content\/uploads\/2022\/04\/als-fav.png","contentUrl":"https:\/\/www.alssport.es\/blog\/wp-content\/uploads\/2022\/04\/als-fav.png","width":200,"height":200,"caption":"Als Sport"},"image":{"@id":"https:\/\/www.alssport.es\/blog\/#\/schema\/logo\/image\/"},"sameAs":["https:\/\/x.com\/als_sport_es","https:\/\/www.instagram.com\/als_sport\/","https:\/\/www.youtube.com\/c\/alssportesgr"]},{"@type":"Person","@id":"https:\/\/www.alssport.es\/blog\/#\/schema\/person\/fe1597db8f8a6b2bb995f2e2f237aa2e","name":"Marketing","image":{"@type":"ImageObject","inLanguage":"es","@id":"https:\/\/www.alssport.es\/blog\/#\/schema\/person\/image\/","url":"https:\/\/secure.gravatar.com\/avatar\/8e544daf2acf8bf1ea61b3afe14a9aff?s=96&d=mm&r=g","contentUrl":"https:\/\/secure.gravatar.com\/avatar\/8e544daf2acf8bf1ea61b3afe14a9aff?s=96&d=mm&r=g","caption":"Marketing"}}]}},"_links":{"self":[{"href":"https:\/\/www.alssport.es\/blog\/wp-json\/wp\/v2\/posts\/16001"}],"collection":[{"href":"https:\/\/www.alssport.es\/blog\/wp-json\/wp\/v2\/posts"}],"about":[{"href":"https:\/\/www.alssport.es\/blog\/wp-json\/wp\/v2\/types\/post"}],"author":[{"embeddable":true,"href":"https:\/\/www.alssport.es\/blog\/wp-json\/wp\/v2\/users\/6"}],"replies":[{"embeddable":true,"href":"https:\/\/www.alssport.es\/blog\/wp-json\/wp\/v2\/comments?post=16001"}],"version-history":[{"count":1,"href":"https:\/\/www.alssport.es\/blog\/wp-json\/wp\/v2\/posts\/16001\/revisions"}],"predecessor-version":[{"id":16007,"href":"https:\/\/www.alssport.es\/blog\/wp-json\/wp\/v2\/posts\/16001\/revisions\/16007"}],"wp:featuredmedia":[{"embeddable":true,"href":"https:\/\/www.alssport.es\/blog\/wp-json\/wp\/v2\/media\/16005"}],"wp:attachment":[{"href":"https:\/\/www.alssport.es\/blog\/wp-json\/wp\/v2\/media?parent=16001"}],"wp:term":[{"taxonomy":"category","embeddable":true,"href":"https:\/\/www.alssport.es\/blog\/wp-json\/wp\/v2\/categories?post=16001"},{"taxonomy":"post_tag","embeddable":true,"href":"https:\/\/www.alssport.es\/blog\/wp-json\/wp\/v2\/tags?post=16001"}],"curies":[{"name":"wp","href":"https:\/\/api.w.org\/{rel}","templated":true}]}}