{"id":1620,"date":"2020-01-28T12:17:16","date_gmt":"2020-01-28T11:17:16","guid":{"rendered":"https:\/\/www.alssport.es\/blog\/?p=1620"},"modified":"2020-01-28T12:17:16","modified_gmt":"2020-01-28T11:17:16","slug":"feria_corredor_brooks","status":"publish","type":"post","link":"https:\/\/www.alssport.es\/blog\/feria_corredor_brooks\/","title":{"rendered":"Feria del corredor de la EDP 1\/2 marat\u00f3n de Sevilla con Brooks"},"content":{"rendered":"<div id=\"pl-1620\"  class=\"panel-layout\" ><div id=\"pg-1620-0\"  class=\"panel-grid panel-no-style\" ><div id=\"pgc-1620-0-0\"  class=\"panel-grid-cell\" ><div id=\"panel-1620-0-0-0\" class=\"so-panel widget widget_sow-editor panel-first-child panel-last-child\" data-index=\"0\" ><div\n\t\t\t\n\t\t\tclass=\"so-widget-sow-editor so-widget-sow-editor-base\"\n\t\t\t\n\t\t>\n<div class=\"siteorigin-widget-tinymce textwidget\">\n\t<div id=\"ez-toc-container\" class=\"ez-toc-v2_0_69_1 counter-hierarchy ez-toc-counter ez-toc-custom ez-toc-container-direction\">\n<div class=\"ez-toc-title-container\">\n<p class=\"ez-toc-title\" style=\"cursor:inherit\">Contenidos del Art\u00edculo<\/p>\n<span class=\"ez-toc-title-toggle\"><a href=\"#\" class=\"ez-toc-pull-right ez-toc-btn ez-toc-btn-xs ez-toc-btn-default ez-toc-toggle\" aria-label=\"Toggle Table of Content\"><span class=\"ez-toc-js-icon-con\"><span class=\"\"><span class=\"eztoc-hide\" style=\"display:none;\">Toggle<\/span><span class=\"ez-toc-icon-toggle-span\"><svg style=\"fill: #999;color:#999\" xmlns=\"http:\/\/www.w3.org\/2000\/svg\" class=\"list-377408\" width=\"20px\" height=\"20px\" viewBox=\"0 0 24 24\" fill=\"none\"><path d=\"M6 6H4v2h2V6zm14 0H8v2h12V6zM4 11h2v2H4v-2zm16 0H8v2h12v-2zM4 16h2v2H4v-2zm16 0H8v2h12v-2z\" fill=\"currentColor\"><\/path><\/svg><svg style=\"fill: #999;color:#999\" class=\"arrow-unsorted-368013\" xmlns=\"http:\/\/www.w3.org\/2000\/svg\" width=\"10px\" height=\"10px\" viewBox=\"0 0 24 24\" version=\"1.2\" baseProfile=\"tiny\"><path d=\"M18.2 9.3l-6.2-6.3-6.2 6.3c-.2.2-.3.4-.3.7s.1.5.3.7c.2.2.4.3.7.3h11c.3 0 .5-.1.7-.3.2-.2.3-.5.3-.7s-.1-.5-.3-.7zM5.8 14.7l6.2 6.3 6.2-6.3c.2-.2.3-.5.3-.7s-.1-.5-.3-.7c-.2-.2-.4-.3-.7-.3h-11c-.3 0-.5.1-.7.3-.2.2-.3.5-.3.7s.1.5.3.7z\"\/><\/svg><\/span><\/span><\/span><\/a><\/span><\/div>\n<nav><ul class='ez-toc-list ez-toc-list-level-1 eztoc-toggle-hide-by-default' ><li class='ez-toc-page-1 ez-toc-heading-level-2'><a class=\"ez-toc-link ez-toc-heading-1\" href=\"https:\/\/www.alssport.es\/blog\/feria_corredor_brooks\/#Asi_es_la_feria_del_corredor\" title=\"As\u00ed es la feria del corredor\">As\u00ed es la feria del corredor<\/a><\/li><li class='ez-toc-page-1 ez-toc-heading-level-2'><a class=\"ez-toc-link ez-toc-heading-2\" href=\"https:\/\/www.alssport.es\/blog\/feria_corredor_brooks\/#Brooks_se_une_al_evento\" title=\"Brooks se une al evento\">Brooks se une al evento<\/a><\/li><li class='ez-toc-page-1 ez-toc-heading-level-2'><a class=\"ez-toc-link ez-toc-heading-3\" href=\"https:\/\/www.alssport.es\/blog\/feria_corredor_brooks\/#Alssport_crece_y_lo_hace_de_la_mano_de_sus_marcas\" title=\"Alssport crece y lo hace de la mano de sus marcas\">Alssport crece y lo hace de la mano de sus marcas<\/a><\/li><\/ul><\/nav><\/div>\n<h2><span class=\"ez-toc-section\" id=\"Asi_es_la_feria_del_corredor\"><\/span><span style=\"font-weight: 400;\">As\u00ed es la feria del corredor<\/span><span class=\"ez-toc-section-end\"><\/span><\/h2>\n<p><span style=\"font-weight: 400;\">Desde hace unos a\u00f1os alssport colabora estrechamente con la organizaci\u00f3n de la EDP medio marat\u00f3n de Sevilla. Una carrera que tiene un r\u00e1pido ascenso tanto en la calidad como en el buen hacer de la organizaci\u00f3n. Ya se est\u00e1n viendo los resultados en el ascenso del n\u00famero de inscritos contando con 10500 este a\u00f1o.&nbsp;<\/span><\/p>\n<p><span style=\"font-weight: 400;\">Una de las grandes mejoras notorias es la feria del corredor, la cual tiene lugar en los d\u00edas previos a la carrera, cada vez ofrece m\u00e1s servicios y stands donde los corredores que van a disfrutar de la prueba pueden encontrar por ejemplo la compra del <\/span><a href=\"https:\/\/www.alssport.es\/87_edp-medio-maraton-sevilla\"><span style=\"font-weight: 400;\">merchandising de la prueba<\/span><\/a><span style=\"font-weight: 400;\">.<\/span><\/p>\n<\/div>\n<\/div><\/div><\/div><\/div><div id=\"pg-1620-1\"  class=\"panel-grid panel-no-style\" ><div id=\"pgc-1620-1-0\"  class=\"panel-grid-cell\" ><div id=\"panel-1620-1-0-0\" class=\"so-panel widget widget_sow-editor panel-first-child panel-last-child\" data-index=\"1\" ><div\n\t\t\t\n\t\t\tclass=\"so-widget-sow-editor so-widget-sow-editor-base\"\n\t\t\t\n\t\t>\n<div class=\"siteorigin-widget-tinymce textwidget\">\n\t<h2><span class=\"ez-toc-section\" id=\"Brooks_se_une_al_evento\"><\/span><span style=\"font-weight: 400;\">Brooks se une al evento<\/span><span class=\"ez-toc-section-end\"><\/span><\/h2>\n<\/div>\n<\/div><\/div><\/div><\/div><div id=\"pg-1620-2\"  class=\"panel-grid panel-no-style\" ><div id=\"pgc-1620-2-0\"  class=\"panel-grid-cell\" ><div id=\"panel-1620-2-0-0\" class=\"widget_text so-panel widget widget_custom_html panel-first-child panel-last-child\" data-index=\"2\" ><div class=\"textwidget custom-html-widget\"><iframe loading=\"lazy\" width=\"560\" height=\"315\" src=\"https:\/\/www.youtube.com\/embed\/o_Ldf7yxcXM\" frameborder=\"0\" allow=\"accelerometer; autoplay; encrypted-media; gyroscope; picture-in-picture\" allowfullscreen><\/iframe><\/div><\/div><\/div><\/div><div id=\"pg-1620-3\"  class=\"panel-grid panel-no-style\" ><div id=\"pgc-1620-3-0\"  class=\"panel-grid-cell\" ><div id=\"panel-1620-3-0-0\" class=\"so-panel widget widget_sow-editor panel-first-child panel-last-child\" data-index=\"3\" ><div\n\t\t\t\n\t\t\tclass=\"so-widget-sow-editor so-widget-sow-editor-base\"\n\t\t\t\n\t\t>\n<div class=\"siteorigin-widget-tinymce textwidget\">\n\t<p><span style=\"font-weight: 400;\">Este a\u00f1o Alssport ha colaborado acercando a la prueba la reconocida marca de zapatillas <\/span><a href=\"https:\/\/www.alssport.es\/25_brooks\"><span style=\"font-weight: 400;\">BROOKS<\/span><\/a><span style=\"font-weight: 400;\">. La marca se plantaba en la feria haci\u00e9ndose notar. Con acciones donde los asistentes han podido probar sus modelos m\u00e1s actuales en el mercado. Todo se ha desarrollado seg\u00fan la filosof\u00eda de la marca, \u201crun happy\u201d. El p\u00fablico asistente ha mostrado una gran aceptaci\u00f3n, nunca hab\u00edan vivido una experiencia as\u00ed. Todos los interesados en probar las zapatillas durante la feria eran invitados despu\u00e9s de correr a una cerveza. Teniendo la oportunidad de comentar las particularidades de la zapatilla.<\/span><\/p>\n<p><span style=\"font-weight: 400;\">Adem\u00e1s, las mascotas de la marca animaron constantemente al p\u00fablico asistente de toda la feria. Hicieron de la recogida de dorsales una gran fiesta, las fotograf\u00edas que recogimos en nuestro photocall tambi\u00e9n determinaba a los 3 ganadores de zapatillas brooks en el concurso \u201chazte la foto m\u00e1s run happy\u201d.<\/span><\/p>\n<\/div>\n<\/div><\/div><\/div><\/div><div id=\"pg-1620-4\"  class=\"panel-grid panel-no-style\" ><div id=\"pgc-1620-4-0\"  class=\"panel-grid-cell\" ><div id=\"panel-1620-4-0-0\" class=\"so-panel widget widget_media_gallery panel-first-child panel-last-child\" data-index=\"4\" >\n\t\t<style type=\"text\/css\">\n\t\t\t#gallery-1 {\n\t\t\t\tmargin: auto;\n\t\t\t}\n\t\t\t#gallery-1 .gallery-item {\n\t\t\t\tfloat: left;\n\t\t\t\tmargin-top: 10px;\n\t\t\t\ttext-align: center;\n\t\t\t\twidth: 33%;\n\t\t\t}\n\t\t\t#gallery-1 img {\n\t\t\t\tborder: 2px solid #cfcfcf;\n\t\t\t}\n\t\t\t#gallery-1 .gallery-caption {\n\t\t\t\tmargin-left: 0;\n\t\t\t}\n\t\t\t\/* see gallery_shortcode() in wp-includes\/media.php *\/\n\t\t<\/style>\n\t\t<div id='gallery-1' class='gallery galleryid-1620 gallery-columns-3 gallery-size-thumbnail'><dl class='gallery-item'>\n\t\t\t<dt class='gallery-icon portrait'>\n\t\t\t\t<a href='https:\/\/www.alssport.es\/blog\/feria_corredor_brooks\/20200126_jjubeda_edp-medio-maraton-sevilla_press02pr\/'><img decoding=\"async\" width=\"600\" height=\"600\" src=\"https:\/\/www.alssport.es\/blog\/wp-content\/uploads\/2020\/01\/20200126_JJUBEDA_EDP-Medio-Marato\u0301n-Sevilla_press02pr-600x600.jpg\" class=\"attachment-thumbnail size-thumbnail\" alt=\"\" aria-describedby=\"gallery-1-1625\" \/><\/a>\n\t\t\t<\/dt>\n\t\t\t\t<dd class='wp-caption-text gallery-caption' id='gallery-1-1625'>\n\t\t\t\tJuan Jose Ubeda \/ EDPMMS\n\t\t\t\t<\/dd><\/dl><dl class='gallery-item'>\n\t\t\t<dt class='gallery-icon landscape'>\n\t\t\t\t<a href='https:\/\/www.alssport.es\/blog\/feria_corredor_brooks\/20200126_jjubeda_edp-medio-maraton-sevilla_press03pr\/'><img decoding=\"async\" width=\"600\" height=\"600\" src=\"https:\/\/www.alssport.es\/blog\/wp-content\/uploads\/2020\/01\/20200126_JJUBEDA_EDP-Medio-Marato\u0301n-Sevilla_press03pr-600x600.jpg\" class=\"attachment-thumbnail size-thumbnail\" alt=\"\" aria-describedby=\"gallery-1-1626\" \/><\/a>\n\t\t\t<\/dt>\n\t\t\t\t<dd class='wp-caption-text gallery-caption' id='gallery-1-1626'>\n\t\t\t\tJuan Jose Ubeda \/ EDP MMS\n\t\t\t\t<\/dd><\/dl><dl class='gallery-item'>\n\t\t\t<dt class='gallery-icon landscape'>\n\t\t\t\t<a href='https:\/\/www.alssport.es\/blog\/feria_corredor_brooks\/20200126_jjubeda_edp-medio-maraton-sevilla_press05pr\/'><img decoding=\"async\" width=\"600\" height=\"600\" src=\"https:\/\/www.alssport.es\/blog\/wp-content\/uploads\/2020\/01\/20200126_JJUBEDA_EDP-Medio-Marato\u0301n-Sevilla_press05pr-600x600.jpg\" class=\"attachment-thumbnail size-thumbnail\" alt=\"\" aria-describedby=\"gallery-1-1627\" \/><\/a>\n\t\t\t<\/dt>\n\t\t\t\t<dd class='wp-caption-text gallery-caption' id='gallery-1-1627'>\n\t\t\t\tJuan Jose Ubeda \/ EDP MMS\n\t\t\t\t<\/dd><\/dl><br style=\"clear: both\" \/><dl class='gallery-item'>\n\t\t\t<dt class='gallery-icon landscape'>\n\t\t\t\t<a href='https:\/\/www.alssport.es\/blog\/feria_corredor_brooks\/84467954_2931998546819884_5106392562172690432_n\/'><img decoding=\"async\" width=\"600\" height=\"600\" src=\"https:\/\/www.alssport.es\/blog\/wp-content\/uploads\/2020\/01\/84467954_2931998546819884_5106392562172690432_n-600x600.jpg\" class=\"attachment-thumbnail size-thumbnail\" alt=\"\" aria-describedby=\"gallery-1-1628\" \/><\/a>\n\t\t\t<\/dt>\n\t\t\t\t<dd class='wp-caption-text gallery-caption' id='gallery-1-1628'>\n\t\t\t\tFeria del corredor\n\t\t\t\t<\/dd><\/dl><dl class='gallery-item'>\n\t\t\t<dt class='gallery-icon landscape'>\n\t\t\t\t<a href='https:\/\/www.alssport.es\/blog\/feria_corredor_brooks\/_mgl0482-jpg\/'><img decoding=\"async\" width=\"600\" height=\"600\" src=\"https:\/\/www.alssport.es\/blog\/wp-content\/uploads\/2020\/01\/media-maraton-sevilla-buscate-10_xoptimizadax-600x600.jpg\" class=\"attachment-thumbnail size-thumbnail\" alt=\"\" aria-describedby=\"gallery-1-1629\" \/><\/a>\n\t\t\t<\/dt>\n\t\t\t\t<dd class='wp-caption-text gallery-caption' id='gallery-1-1629'>\n\t\t\t\tMANUEL GOMEZ \/ EDP MMS\n\t\t\t\t<\/dd><\/dl><dl class='gallery-item'>\n\t\t\t<dt class='gallery-icon landscape'>\n\t\t\t\t<a href='https:\/\/www.alssport.es\/blog\/feria_corredor_brooks\/_mgl0419-jpg\/'><img decoding=\"async\" width=\"600\" height=\"600\" src=\"https:\/\/www.alssport.es\/blog\/wp-content\/uploads\/2020\/01\/media-maraton-sevilla-buscate-10_xoptimizadax-1-600x600.jpg\" class=\"attachment-thumbnail size-thumbnail\" alt=\"\" aria-describedby=\"gallery-1-1630\" \/><\/a>\n\t\t\t<\/dt>\n\t\t\t\t<dd class='wp-caption-text gallery-caption' id='gallery-1-1630'>\n\t\t\t\tMANUEL GOMEZ \/ EDP MMS\n\t\t\t\t<\/dd><\/dl><br style=\"clear: both\" \/>\n\t\t<\/div>\n<\/div><\/div><\/div><div id=\"pg-1620-5\"  class=\"panel-grid panel-no-style\" ><div id=\"pgc-1620-5-0\"  class=\"panel-grid-cell\" ><div id=\"panel-1620-5-0-0\" class=\"so-panel widget widget_sow-editor panel-first-child panel-last-child\" data-index=\"5\" ><div\n\t\t\t\n\t\t\tclass=\"so-widget-sow-editor so-widget-sow-editor-base\"\n\t\t\t\n\t\t>\n<div class=\"siteorigin-widget-tinymce textwidget\">\n\t<h2><span class=\"ez-toc-section\" id=\"Alssport_crece_y_lo_hace_de_la_mano_de_sus_marcas\"><\/span><span style=\"font-weight: 400;\">Alssport crece y lo hace de la mano de sus marcas<\/span><span class=\"ez-toc-section-end\"><\/span><\/h2>\n<p><span style=\"font-weight: 400;\">En nuestra tienda especializada en running y trail podr\u00e1s encontrar el cat\u00e1logo completo de la marca Brooks, con una reposici\u00f3n de material constante, si a\u00fan no conoces brooks nuestro servicio de atenci\u00f3n al cliente te atender\u00e1 para informarte al detalle de cada una de las ventajas de elegir la marca, seguro que los nuevos modelos de las <\/span><a href=\"https:\/\/www.alssport.es\/zapatillas-hombre-running-asfalto\/4280-zapatillas-brooks-glycerin-17.html\"><span style=\"font-weight: 400;\">glycerin 17<\/span><\/a><span style=\"font-weight: 400;\">, <\/span><a href=\"https:\/\/www.alssport.es\/zapatillas-hombre-running-asfalto\/4647-zapatillas-brooks-adrenaline-gts-20.html\"><span style=\"font-weight: 400;\">Adrenaline gts 20<\/span><\/a><span style=\"font-weight: 400;\"> o <\/span><a href=\"https:\/\/www.alssport.es\/zapatillas-hombre-running-asfalto\/4673-zapatillas-brooks-launch-7.html\"><span style=\"font-weight: 400;\">launch 7<\/span><\/a><span style=\"font-weight: 400;\"> te dejar\u00e1n asombrado.<\/span><\/p>\n<\/div>\n<\/div><\/div><\/div><\/div><\/div>","protected":false},"excerpt":{"rendered":"<p>As\u00ed es la feria del corredorDesde hace unos a\u00f1os alssport colabora estrechamente con la organizaci\u00f3n de la EDP medio marat\u00f3n de Sevilla. Una carrera que tiene un r\u00e1pido ascenso tanto en la calidad como en el buen hacer de la [&hellip;]<\/p>\n","protected":false},"author":5,"featured_media":1635,"comment_status":"closed","ping_status":"open","sticky":false,"template":"","format":"standard","meta":{"_uf_show_specific_survey":0,"_uf_disable_surveys":false,"footnotes":""},"categories":[3],"tags":[],"class_list":["post-1620","post","type-post","status-publish","format-standard","has-post-thumbnail","hentry","category-eventos"],"yoast_head":"<!-- This site is optimized with the Yoast SEO plugin v25.6 - https:\/\/yoast.com\/wordpress\/plugins\/seo\/ -->\n<title>Feria del corredor de la EDP 1\/2 marat\u00f3n de Sevilla con Brooks<\/title>\n<meta name=\"description\" content=\"Durante el desarrollo de la feria del corredor alssport estuvo presente junto con brooks. Muchas personas tuvieron la oportunidad de probar la marca.\" \/>\n<meta name=\"robots\" content=\"index, follow, max-snippet:-1, max-image-preview:large, max-video-preview:-1\" \/>\n<link rel=\"canonical\" href=\"https:\/\/www.alssport.es\/blog\/feria_corredor_brooks\/\" \/>\n<meta property=\"og:locale\" content=\"es_ES\" \/>\n<meta property=\"og:type\" content=\"article\" \/>\n<meta property=\"og:title\" content=\"As\u00ed fue la feria del corredor en la EDP 1\/2 marat\u00f3n de Sevilla\" \/>\n<meta property=\"og:description\" content=\"Brooks se desmarc\u00f3 de los dem\u00e1s expositores. Animaci\u00f3n y una fiesta cont\u00ednua en su stand hac\u00edan que todo el p\u00fablico se acercara. La marca de moda consigui\u00f3 atraer a la mayor\u00eda de los corredores en esta edici\u00f3n.\" \/>\n<meta property=\"og:url\" content=\"https:\/\/www.alssport.es\/blog\/feria_corredor_brooks\/\" \/>\n<meta property=\"og:site_name\" content=\"ALS Sport\" \/>\n<meta property=\"article:published_time\" content=\"2020-01-28T11:17:16+00:00\" \/>\n<meta property=\"og:image\" content=\"https:\/\/www.alssport.es\/blog\/wp-content\/uploads\/2020\/01\/facebook-Blog.jpg\" \/>\n\t<meta property=\"og:image:width\" content=\"1200\" \/>\n\t<meta property=\"og:image:height\" content=\"630\" \/>\n\t<meta property=\"og:image:type\" content=\"image\/jpeg\" \/>\n<meta name=\"author\" content=\"Yas\u00edn Kzaini Fuentes\" \/>\n<meta name=\"twitter:card\" content=\"summary_large_image\" \/>\n<meta name=\"twitter:title\" content=\"As\u00ed fue la feria del corredor en la EDP 1\/2 marat\u00f3n de Sevilla\" \/>\n<meta name=\"twitter:description\" content=\"Brooks se desmarc\u00f3 de los dem\u00e1s expositores. Animaci\u00f3n y una fiesta cont\u00ednua en su stand hac\u00edan que todo el p\u00fablico se acercara. La marca de moda consigui\u00f3 atraer a la mayor\u00eda de los corredores en esta edici\u00f3n.\" \/>\n<meta name=\"twitter:image\" content=\"https:\/\/www.alssport.es\/blog\/wp-content\/uploads\/2020\/01\/twitter-Blog.jpg\" \/>\n<meta name=\"twitter:creator\" content=\"@als_sport_es\" \/>\n<meta name=\"twitter:site\" content=\"@als_sport_es\" \/>\n<meta name=\"twitter:label1\" content=\"Escrito por\" \/>\n\t<meta name=\"twitter:data1\" content=\"Yas\u00edn Kzaini Fuentes\" \/>\n\t<meta name=\"twitter:label2\" content=\"Tiempo de lectura\" \/>\n\t<meta name=\"twitter:data2\" content=\"2 minutos\" \/>\n<script type=\"application\/ld+json\" class=\"yoast-schema-graph\">{\"@context\":\"https:\/\/schema.org\",\"@graph\":[{\"@type\":\"NewsArticle\",\"@id\":\"https:\/\/www.alssport.es\/blog\/feria_corredor_brooks\/#article\",\"isPartOf\":{\"@id\":\"https:\/\/www.alssport.es\/blog\/feria_corredor_brooks\/\"},\"author\":{\"name\":\"Yas\u00edn Kzaini Fuentes\",\"@id\":\"https:\/\/www.alssport.es\/blog\/#\/schema\/person\/03fd3e13545977936495b5401bd9c98a\"},\"headline\":\"Feria del corredor de la EDP 1\/2 marat\u00f3n de Sevilla con Brooks\",\"datePublished\":\"2020-01-28T11:17:16+00:00\",\"mainEntityOfPage\":{\"@id\":\"https:\/\/www.alssport.es\/blog\/feria_corredor_brooks\/\"},\"wordCount\":392,\"publisher\":{\"@id\":\"https:\/\/www.alssport.es\/blog\/#organization\"},\"image\":{\"@id\":\"https:\/\/www.alssport.es\/blog\/feria_corredor_brooks\/#primaryimage\"},\"thumbnailUrl\":\"https:\/\/www.alssport.es\/blog\/wp-content\/uploads\/2020\/01\/20200126_JJUBEDA_EDP-Medio-Marato\u0301n-Sevilla_press01pr.jpg\",\"articleSection\":[\"Eventos\"],\"inLanguage\":\"es\",\"copyrightYear\":\"2020\",\"copyrightHolder\":{\"@id\":\"https:\/\/www.alssport.es\/blog\/#organization\"}},{\"@type\":[\"WebPage\",\"ItemPage\"],\"@id\":\"https:\/\/www.alssport.es\/blog\/feria_corredor_brooks\/\",\"url\":\"https:\/\/www.alssport.es\/blog\/feria_corredor_brooks\/\",\"name\":\"Feria del corredor de la EDP 1\/2 marat\u00f3n de Sevilla con Brooks\",\"isPartOf\":{\"@id\":\"https:\/\/www.alssport.es\/blog\/#website\"},\"primaryImageOfPage\":{\"@id\":\"https:\/\/www.alssport.es\/blog\/feria_corredor_brooks\/#primaryimage\"},\"image\":{\"@id\":\"https:\/\/www.alssport.es\/blog\/feria_corredor_brooks\/#primaryimage\"},\"thumbnailUrl\":\"https:\/\/www.alssport.es\/blog\/wp-content\/uploads\/2020\/01\/20200126_JJUBEDA_EDP-Medio-Marato\u0301n-Sevilla_press01pr.jpg\",\"datePublished\":\"2020-01-28T11:17:16+00:00\",\"description\":\"Durante el desarrollo de la feria del corredor alssport estuvo presente junto con brooks. Muchas personas tuvieron la oportunidad de probar la marca.\",\"breadcrumb\":{\"@id\":\"https:\/\/www.alssport.es\/blog\/feria_corredor_brooks\/#breadcrumb\"},\"inLanguage\":\"es\",\"potentialAction\":[{\"@type\":\"ReadAction\",\"target\":[\"https:\/\/www.alssport.es\/blog\/feria_corredor_brooks\/\"]}]},{\"@type\":\"ImageObject\",\"inLanguage\":\"es\",\"@id\":\"https:\/\/www.alssport.es\/blog\/feria_corredor_brooks\/#primaryimage\",\"url\":\"https:\/\/www.alssport.es\/blog\/wp-content\/uploads\/2020\/01\/20200126_JJUBEDA_EDP-Medio-Marato\u0301n-Sevilla_press01pr.jpg\",\"contentUrl\":\"https:\/\/www.alssport.es\/blog\/wp-content\/uploads\/2020\/01\/20200126_JJUBEDA_EDP-Medio-Marato\u0301n-Sevilla_press01pr.jpg\",\"width\":2480,\"height\":1650,\"caption\":\"Sevilla, 26-01-2020. Foto: Juan Jose Ubeda\/EDP MMS EDP Medio Marat\u00f3n de Sevilla.\"},{\"@type\":\"BreadcrumbList\",\"@id\":\"https:\/\/www.alssport.es\/blog\/feria_corredor_brooks\/#breadcrumb\",\"itemListElement\":[{\"@type\":\"ListItem\",\"position\":1,\"name\":\"Portada\",\"item\":\"https:\/\/www.alssport.es\/blog\/\"},{\"@type\":\"ListItem\",\"position\":2,\"name\":\"Feria del corredor de la EDP 1\/2 marat\u00f3n de Sevilla con Brooks\"}]},{\"@type\":\"WebSite\",\"@id\":\"https:\/\/www.alssport.es\/blog\/#website\",\"url\":\"https:\/\/www.alssport.es\/blog\/\",\"name\":\"Als Sport\",\"description\":\"Descubre nuestros consejos para mejorar tu rendimiento, reviews de las mejores zapatillas running y la cobertura de los eventos exclusivos para corredores.\",\"publisher\":{\"@id\":\"https:\/\/www.alssport.es\/blog\/#organization\"},\"potentialAction\":[{\"@type\":\"SearchAction\",\"target\":{\"@type\":\"EntryPoint\",\"urlTemplate\":\"https:\/\/www.alssport.es\/blog\/?s={search_term_string}\"},\"query-input\":{\"@type\":\"PropertyValueSpecification\",\"valueRequired\":true,\"valueName\":\"search_term_string\"}}],\"inLanguage\":\"es\"},{\"@type\":\"Organization\",\"@id\":\"https:\/\/www.alssport.es\/blog\/#organization\",\"name\":\"Als Sport\",\"url\":\"https:\/\/www.alssport.es\/blog\/\",\"logo\":{\"@type\":\"ImageObject\",\"inLanguage\":\"es\",\"@id\":\"https:\/\/www.alssport.es\/blog\/#\/schema\/logo\/image\/\",\"url\":\"https:\/\/www.alssport.es\/blog\/wp-content\/uploads\/2022\/04\/als-fav.png\",\"contentUrl\":\"https:\/\/www.alssport.es\/blog\/wp-content\/uploads\/2022\/04\/als-fav.png\",\"width\":200,\"height\":200,\"caption\":\"Als Sport\"},\"image\":{\"@id\":\"https:\/\/www.alssport.es\/blog\/#\/schema\/logo\/image\/\"},\"sameAs\":[\"https:\/\/x.com\/als_sport_es\",\"https:\/\/www.instagram.com\/als_sport\/\",\"https:\/\/www.youtube.com\/c\/alssportesgr\"]},{\"@type\":\"Person\",\"@id\":\"https:\/\/www.alssport.es\/blog\/#\/schema\/person\/03fd3e13545977936495b5401bd9c98a\",\"name\":\"Yas\u00edn Kzaini Fuentes\",\"image\":{\"@type\":\"ImageObject\",\"inLanguage\":\"es\",\"@id\":\"https:\/\/www.alssport.es\/blog\/#\/schema\/person\/image\/\",\"url\":\"https:\/\/secure.gravatar.com\/avatar\/ecc9ab2caf03676053cf339b69982a2c?s=96&d=mm&r=g\",\"contentUrl\":\"https:\/\/secure.gravatar.com\/avatar\/ecc9ab2caf03676053cf339b69982a2c?s=96&d=mm&r=g\",\"caption\":\"Yas\u00edn Kzaini Fuentes\"}}]}<\/script>\n<!-- \/ Yoast SEO plugin. -->","yoast_head_json":{"title":"Feria del corredor de la EDP 1\/2 marat\u00f3n de Sevilla con Brooks","description":"Durante el desarrollo de la feria del corredor alssport estuvo presente junto con brooks. Muchas personas tuvieron la oportunidad de probar la marca.","robots":{"index":"index","follow":"follow","max-snippet":"max-snippet:-1","max-image-preview":"max-image-preview:large","max-video-preview":"max-video-preview:-1"},"canonical":"https:\/\/www.alssport.es\/blog\/feria_corredor_brooks\/","og_locale":"es_ES","og_type":"article","og_title":"As\u00ed fue la feria del corredor en la EDP 1\/2 marat\u00f3n de Sevilla","og_description":"Brooks se desmarc\u00f3 de los dem\u00e1s expositores. Animaci\u00f3n y una fiesta cont\u00ednua en su stand hac\u00edan que todo el p\u00fablico se acercara. La marca de moda consigui\u00f3 atraer a la mayor\u00eda de los corredores en esta edici\u00f3n.","og_url":"https:\/\/www.alssport.es\/blog\/feria_corredor_brooks\/","og_site_name":"ALS Sport","article_published_time":"2020-01-28T11:17:16+00:00","og_image":[{"width":1200,"height":630,"url":"https:\/\/www.alssport.es\/blog\/wp-content\/uploads\/2020\/01\/facebook-Blog.jpg","type":"image\/jpeg"}],"author":"Yas\u00edn Kzaini Fuentes","twitter_card":"summary_large_image","twitter_title":"As\u00ed fue la feria del corredor en la EDP 1\/2 marat\u00f3n de Sevilla","twitter_description":"Brooks se desmarc\u00f3 de los dem\u00e1s expositores. Animaci\u00f3n y una fiesta cont\u00ednua en su stand hac\u00edan que todo el p\u00fablico se acercara. La marca de moda consigui\u00f3 atraer a la mayor\u00eda de los corredores en esta edici\u00f3n.","twitter_image":"https:\/\/www.alssport.es\/blog\/wp-content\/uploads\/2020\/01\/twitter-Blog.jpg","twitter_creator":"@als_sport_es","twitter_site":"@als_sport_es","twitter_misc":{"Escrito por":"Yas\u00edn Kzaini Fuentes","Tiempo de lectura":"2 minutos"},"schema":{"@context":"https:\/\/schema.org","@graph":[{"@type":"NewsArticle","@id":"https:\/\/www.alssport.es\/blog\/feria_corredor_brooks\/#article","isPartOf":{"@id":"https:\/\/www.alssport.es\/blog\/feria_corredor_brooks\/"},"author":{"name":"Yas\u00edn Kzaini Fuentes","@id":"https:\/\/www.alssport.es\/blog\/#\/schema\/person\/03fd3e13545977936495b5401bd9c98a"},"headline":"Feria del corredor de la EDP 1\/2 marat\u00f3n de Sevilla con Brooks","datePublished":"2020-01-28T11:17:16+00:00","mainEntityOfPage":{"@id":"https:\/\/www.alssport.es\/blog\/feria_corredor_brooks\/"},"wordCount":392,"publisher":{"@id":"https:\/\/www.alssport.es\/blog\/#organization"},"image":{"@id":"https:\/\/www.alssport.es\/blog\/feria_corredor_brooks\/#primaryimage"},"thumbnailUrl":"https:\/\/www.alssport.es\/blog\/wp-content\/uploads\/2020\/01\/20200126_JJUBEDA_EDP-Medio-Marato\u0301n-Sevilla_press01pr.jpg","articleSection":["Eventos"],"inLanguage":"es","copyrightYear":"2020","copyrightHolder":{"@id":"https:\/\/www.alssport.es\/blog\/#organization"}},{"@type":["WebPage","ItemPage"],"@id":"https:\/\/www.alssport.es\/blog\/feria_corredor_brooks\/","url":"https:\/\/www.alssport.es\/blog\/feria_corredor_brooks\/","name":"Feria del corredor de la EDP 1\/2 marat\u00f3n de Sevilla con Brooks","isPartOf":{"@id":"https:\/\/www.alssport.es\/blog\/#website"},"primaryImageOfPage":{"@id":"https:\/\/www.alssport.es\/blog\/feria_corredor_brooks\/#primaryimage"},"image":{"@id":"https:\/\/www.alssport.es\/blog\/feria_corredor_brooks\/#primaryimage"},"thumbnailUrl":"https:\/\/www.alssport.es\/blog\/wp-content\/uploads\/2020\/01\/20200126_JJUBEDA_EDP-Medio-Marato\u0301n-Sevilla_press01pr.jpg","datePublished":"2020-01-28T11:17:16+00:00","description":"Durante el desarrollo de la feria del corredor alssport estuvo presente junto con brooks. Muchas personas tuvieron la oportunidad de probar la marca.","breadcrumb":{"@id":"https:\/\/www.alssport.es\/blog\/feria_corredor_brooks\/#breadcrumb"},"inLanguage":"es","potentialAction":[{"@type":"ReadAction","target":["https:\/\/www.alssport.es\/blog\/feria_corredor_brooks\/"]}]},{"@type":"ImageObject","inLanguage":"es","@id":"https:\/\/www.alssport.es\/blog\/feria_corredor_brooks\/#primaryimage","url":"https:\/\/www.alssport.es\/blog\/wp-content\/uploads\/2020\/01\/20200126_JJUBEDA_EDP-Medio-Marato\u0301n-Sevilla_press01pr.jpg","contentUrl":"https:\/\/www.alssport.es\/blog\/wp-content\/uploads\/2020\/01\/20200126_JJUBEDA_EDP-Medio-Marato\u0301n-Sevilla_press01pr.jpg","width":2480,"height":1650,"caption":"Sevilla, 26-01-2020. Foto: Juan Jose Ubeda\/EDP MMS EDP Medio Marat\u00f3n de Sevilla."},{"@type":"BreadcrumbList","@id":"https:\/\/www.alssport.es\/blog\/feria_corredor_brooks\/#breadcrumb","itemListElement":[{"@type":"ListItem","position":1,"name":"Portada","item":"https:\/\/www.alssport.es\/blog\/"},{"@type":"ListItem","position":2,"name":"Feria del corredor de la EDP 1\/2 marat\u00f3n de Sevilla con Brooks"}]},{"@type":"WebSite","@id":"https:\/\/www.alssport.es\/blog\/#website","url":"https:\/\/www.alssport.es\/blog\/","name":"Als Sport","description":"Descubre nuestros consejos para mejorar tu rendimiento, reviews de las mejores zapatillas running y la cobertura de los eventos exclusivos para corredores.","publisher":{"@id":"https:\/\/www.alssport.es\/blog\/#organization"},"potentialAction":[{"@type":"SearchAction","target":{"@type":"EntryPoint","urlTemplate":"https:\/\/www.alssport.es\/blog\/?s={search_term_string}"},"query-input":{"@type":"PropertyValueSpecification","valueRequired":true,"valueName":"search_term_string"}}],"inLanguage":"es"},{"@type":"Organization","@id":"https:\/\/www.alssport.es\/blog\/#organization","name":"Als Sport","url":"https:\/\/www.alssport.es\/blog\/","logo":{"@type":"ImageObject","inLanguage":"es","@id":"https:\/\/www.alssport.es\/blog\/#\/schema\/logo\/image\/","url":"https:\/\/www.alssport.es\/blog\/wp-content\/uploads\/2022\/04\/als-fav.png","contentUrl":"https:\/\/www.alssport.es\/blog\/wp-content\/uploads\/2022\/04\/als-fav.png","width":200,"height":200,"caption":"Als Sport"},"image":{"@id":"https:\/\/www.alssport.es\/blog\/#\/schema\/logo\/image\/"},"sameAs":["https:\/\/x.com\/als_sport_es","https:\/\/www.instagram.com\/als_sport\/","https:\/\/www.youtube.com\/c\/alssportesgr"]},{"@type":"Person","@id":"https:\/\/www.alssport.es\/blog\/#\/schema\/person\/03fd3e13545977936495b5401bd9c98a","name":"Yas\u00edn Kzaini Fuentes","image":{"@type":"ImageObject","inLanguage":"es","@id":"https:\/\/www.alssport.es\/blog\/#\/schema\/person\/image\/","url":"https:\/\/secure.gravatar.com\/avatar\/ecc9ab2caf03676053cf339b69982a2c?s=96&d=mm&r=g","contentUrl":"https:\/\/secure.gravatar.com\/avatar\/ecc9ab2caf03676053cf339b69982a2c?s=96&d=mm&r=g","caption":"Yas\u00edn Kzaini Fuentes"}}]}},"_links":{"self":[{"href":"https:\/\/www.alssport.es\/blog\/wp-json\/wp\/v2\/posts\/1620"}],"collection":[{"href":"https:\/\/www.alssport.es\/blog\/wp-json\/wp\/v2\/posts"}],"about":[{"href":"https:\/\/www.alssport.es\/blog\/wp-json\/wp\/v2\/types\/post"}],"author":[{"embeddable":true,"href":"https:\/\/www.alssport.es\/blog\/wp-json\/wp\/v2\/users\/5"}],"replies":[{"embeddable":true,"href":"https:\/\/www.alssport.es\/blog\/wp-json\/wp\/v2\/comments?post=1620"}],"version-history":[{"count":6,"href":"https:\/\/www.alssport.es\/blog\/wp-json\/wp\/v2\/posts\/1620\/revisions"}],"predecessor-version":[{"id":1634,"href":"https:\/\/www.alssport.es\/blog\/wp-json\/wp\/v2\/posts\/1620\/revisions\/1634"}],"wp:featuredmedia":[{"embeddable":true,"href":"https:\/\/www.alssport.es\/blog\/wp-json\/wp\/v2\/media\/1635"}],"wp:attachment":[{"href":"https:\/\/www.alssport.es\/blog\/wp-json\/wp\/v2\/media?parent=1620"}],"wp:term":[{"taxonomy":"category","embeddable":true,"href":"https:\/\/www.alssport.es\/blog\/wp-json\/wp\/v2\/categories?post=1620"},{"taxonomy":"post_tag","embeddable":true,"href":"https:\/\/www.alssport.es\/blog\/wp-json\/wp\/v2\/tags?post=1620"}],"curies":[{"name":"wp","href":"https:\/\/api.w.org\/{rel}","templated":true}]}}