{"id":16584,"date":"2024-10-29T09:38:20","date_gmt":"2024-10-29T08:38:20","guid":{"rendered":"https:\/\/www.alssport.es\/blog\/?p=16584"},"modified":"2024-10-29T09:38:20","modified_gmt":"2024-10-29T08:38:20","slug":"cronica-medio-maraton-valencia","status":"publish","type":"post","link":"https:\/\/www.alssport.es\/blog\/cronica-medio-maraton-valencia\/","title":{"rendered":"Cr\u00f3nica Medio Marat\u00f3n Valencia"},"content":{"rendered":"<div id=\"pl-16584\"  class=\"panel-layout\" ><div id=\"pg-16584-0\"  class=\"panel-grid panel-no-style\" ><div id=\"pgc-16584-0-0\"  class=\"panel-grid-cell\" ><div id=\"panel-16584-0-0-0\" class=\"so-panel widget widget_sow-editor panel-first-child panel-last-child\" data-index=\"0\" ><div\n\t\t\t\n\t\t\tclass=\"so-widget-sow-editor so-widget-sow-editor-base\"\n\t\t\t\n\t\t>\n<div class=\"siteorigin-widget-tinymce textwidget\">\n\t<p><span style=\"font-weight: 400;\">Tal y como dice cierta marca de bebidas: \u00a1<\/span><b>Valencia te da aaaalas<\/b><span style=\"font-weight: 400;\">! <\/span><span style=\"font-weight: 400;\">Este podr\u00eda ser, perfectamente, el resumen de lo sucedido en la <\/span><a href=\"https:\/\/www.valenciaciudaddelrunning.com\/medio\/medio-maraton\/\"><b>Medio Marat\u00f3n de Valencia<\/b><\/a> <span style=\"font-weight: 400;\">el pasado fin de semana. <\/span><span style=\"font-weight: 400;\">Y es que pudimos ver c\u00f3mo tanto \u00e9lites como populares volaron sobre el asfalto de la <\/span><b>Ciudad del Running<\/b><span style=\"font-weight: 400;\">.<\/span><\/p>\n<p><span style=\"font-weight: 400;\">Como puedes imaginar, el blog de hoy es una cr\u00f3nica sobre la <\/span><b>Medio Marat\u00f3n de Valencia<\/b><span style=\"font-weight: 400;\">.<\/span><\/p>\n<p>&nbsp;<\/p>\n<div id=\"ez-toc-container\" class=\"ez-toc-v2_0_69_1 counter-hierarchy ez-toc-counter ez-toc-custom ez-toc-container-direction\">\n<div class=\"ez-toc-title-container\">\n<p class=\"ez-toc-title\" style=\"cursor:inherit\">Contenidos del Art\u00edculo<\/p>\n<span class=\"ez-toc-title-toggle\"><a href=\"#\" class=\"ez-toc-pull-right ez-toc-btn ez-toc-btn-xs ez-toc-btn-default ez-toc-toggle\" aria-label=\"Toggle Table of Content\"><span class=\"ez-toc-js-icon-con\"><span class=\"\"><span class=\"eztoc-hide\" style=\"display:none;\">Toggle<\/span><span class=\"ez-toc-icon-toggle-span\"><svg style=\"fill: #999;color:#999\" xmlns=\"http:\/\/www.w3.org\/2000\/svg\" class=\"list-377408\" width=\"20px\" height=\"20px\" viewBox=\"0 0 24 24\" fill=\"none\"><path d=\"M6 6H4v2h2V6zm14 0H8v2h12V6zM4 11h2v2H4v-2zm16 0H8v2h12v-2zM4 16h2v2H4v-2zm16 0H8v2h12v-2z\" fill=\"currentColor\"><\/path><\/svg><svg style=\"fill: #999;color:#999\" class=\"arrow-unsorted-368013\" xmlns=\"http:\/\/www.w3.org\/2000\/svg\" width=\"10px\" height=\"10px\" viewBox=\"0 0 24 24\" version=\"1.2\" baseProfile=\"tiny\"><path d=\"M18.2 9.3l-6.2-6.3-6.2 6.3c-.2.2-.3.4-.3.7s.1.5.3.7c.2.2.4.3.7.3h11c.3 0 .5-.1.7-.3.2-.2.3-.5.3-.7s-.1-.5-.3-.7zM5.8 14.7l6.2 6.3 6.2-6.3c.2-.2.3-.5.3-.7s-.1-.5-.3-.7c-.2-.2-.4-.3-.7-.3h-11c-.3 0-.5.1-.7.3-.2.2-.3.5-.3.7s.1.5.3.7z\"\/><\/svg><\/span><\/span><\/span><\/a><\/span><\/div>\n<nav><ul class='ez-toc-list ez-toc-list-level-1 eztoc-toggle-hide-by-default' ><li class='ez-toc-page-1 ez-toc-heading-level-2'><a class=\"ez-toc-link ez-toc-heading-1\" href=\"https:\/\/www.alssport.es\/blog\/cronica-medio-maraton-valencia\/#La_media_mas_rapida_del_planeta\" title=\"La media m\u00e1s r\u00e1pida del planeta\">La media m\u00e1s r\u00e1pida del planeta<\/a><\/li><li class='ez-toc-page-1 ez-toc-heading-level-2'><a class=\"ez-toc-link ez-toc-heading-2\" href=\"https:\/\/www.alssport.es\/blog\/cronica-medio-maraton-valencia\/#Un_nuevo_record_del_mundo\" title=\"Un nuevo r\u00e9cord del mundo\">Un nuevo r\u00e9cord del mundo<\/a><\/li><li class='ez-toc-page-1 ez-toc-heading-level-2'><a class=\"ez-toc-link ez-toc-heading-3\" href=\"https:\/\/www.alssport.es\/blog\/cronica-medio-maraton-valencia\/#La_carrera_de_los_nuestros\" title=\"La carrera de los nuestros\u00a0\">La carrera de los nuestros\u00a0<\/a><\/li><\/ul><\/nav><\/div>\n<h2><span class=\"ez-toc-section\" id=\"La_media_mas_rapida_del_planeta\"><\/span><span style=\"font-weight: 400;\">La media m\u00e1s r\u00e1pida del planeta<\/span><span class=\"ez-toc-section-end\"><\/span><\/h2>\n<p><span style=\"font-weight: 400;\">Despu\u00e9s de un fin de semana de vuelos rasos sobre el asfalto valenciano podemos decir que tenemos, <\/span><i><span style=\"font-weight: 400;\">en casa<\/span><\/i><span style=\"font-weight: 400;\">, la carrera m\u00e1s veloz del mundo gracias al <\/span><b>r\u00e9cord del mundo <\/b><span style=\"font-weight: 400;\">conseguido en hombres en esta edici\u00f3n de <\/span><b>2024<\/b><span style=\"font-weight: 400;\">. R\u00e9cord que se suma al logrado en la edici\u00f3n de <\/span><b>2021 <\/b><span style=\"font-weight: 400;\">en mujeres.<\/span><\/p>\n<p><a href=\"https:\/\/www.alssport.es\/blog\/cronica-ix-benemerita-trail\/\"><span style=\"font-weight: 400;\">Esto te puede interesar&gt;Cr\u00f3nica IX Benem\u00e9rita Trail<\/span><\/a><\/p>\n<p><span style=\"font-weight: 400;\">Pero antes de empezar a hablar de resultados, r\u00e9cords y podiums analizar lo que fue un d\u00eda que apuntaba a ser complicado para correr a gran velocidad en el <\/span><b>Medio Marat\u00f3n de Valencia<\/b><span style=\"font-weight: 400;\">.<\/span><\/p>\n<p><span style=\"font-weight: 400;\">El d\u00eda despertaba fresco, sin apenas viento pero la amenaza de una <\/span><b>DANA <\/b><span style=\"font-weight: 400;\">hac\u00eda acto de presencia desde primera hora con una lluvia intermitente que dejaba el asfalto h\u00famedo e incluso muy mojado en algunos tramos del recorrido por las calles de la <\/span><b>Ciudad del Running<\/b><span style=\"font-weight: 400;\">.<\/span><\/p>\n<p><b>25.000<\/b><span style=\"font-weight: 400;\"> corredores y corredoras, tras haber completado unos buenos meses de entrenamientos a todos los niveles, iban buscando sus cajones para ponerse a prueba. Unos debutaban, otras buscaban mejores marcas personales. Cada cual con una motivaci\u00f3n pero todos y todas con una misi\u00f3n com\u00fan: pisar la alfombra azul con una sonrisa y el mejor resultado posible.<\/span><\/p>\n<p><a href=\"https:\/\/www.alssport.es\/blog\/cronica-v-cxm-benahavis\/\"><span style=\"font-weight: 400;\">Esto te puede interesar&gt;Cr\u00f3nica V CXM Benahav\u00eds<\/span><\/a><\/p>\n<p><span style=\"font-weight: 400;\">Este es uno de los datos m\u00e1s importantes del evento y es que <\/span><b>24.200 <\/b><span style=\"font-weight: 400;\">runners completaron la <\/span><b>Medio Marat\u00f3n de Valencia<\/b><span style=\"font-weight: 400;\">. Una cifra r\u00e9cord en todos los sentidos que confirma, si hab\u00eda alguna duda, a Valencia como una de las mejores ciudades para correr. Sin lugar a dudas. <\/span><\/p>\n<p><span style=\"font-weight: 400;\">De entre esas 24.200 personas tenemos que fijarnos, como no pod\u00eda ser de otra manera, en los y las atletas \u00e9lites que ven\u00edan a pegarle un mordisco a un jugoso <\/span><b>r\u00e9cord del mundo<\/b><\/p>\n<\/div>\n<\/div><\/div><\/div><\/div><div id=\"pg-16584-1\"  class=\"panel-grid panel-no-style\" ><div id=\"pgc-16584-1-0\"  class=\"panel-grid-cell\" ><div id=\"panel-16584-1-0-0\" class=\"so-panel widget widget_sow-image panel-first-child panel-last-child\" data-index=\"1\" ><div\n\t\t\t\n\t\t\tclass=\"so-widget-sow-image so-widget-sow-image-default-8b5b6f678277-16584\"\n\t\t\t\n\t\t>\n\n<div class=\"sow-image-container\">\n\t\t\t<a href=\"https:\/\/www.valenciaciudaddelrunning.com\/medio\/medio-maraton\/\"\n\t\t\t\t\t>\n\t\t\t<img decoding=\"async\" src=\"https:\/\/www.alssport.es\/blog\/wp-content\/uploads\/2024\/10\/MEDIA-MARATON-VALENCIA.jpg\" width=\"1024\" height=\"682\" title=\"MEDIA MARATON VALENCIA\" alt=\"\" \t\tclass=\"so-widget-image\"\/>\n\t<\/a><\/div>\n\n<\/div><\/div><\/div><\/div><div id=\"pg-16584-2\"  class=\"panel-grid panel-no-style\" ><div id=\"pgc-16584-2-0\"  class=\"panel-grid-cell\" ><div id=\"panel-16584-2-0-0\" class=\"so-panel widget widget_sow-editor panel-first-child panel-last-child\" data-index=\"2\" ><div\n\t\t\t\n\t\t\tclass=\"so-widget-sow-editor so-widget-sow-editor-base\"\n\t\t\t\n\t\t>\n<div class=\"siteorigin-widget-tinymce textwidget\">\n\t<h2><span class=\"ez-toc-section\" id=\"Un_nuevo_record_del_mundo\"><\/span><span style=\"font-weight: 400;\">Un nuevo r\u00e9cord del mundo<\/span><span class=\"ez-toc-section-end\"><\/span><\/h2>\n<p><span style=\"font-weight: 400;\">La salida, tanto en hombres como en mujeres, fue de locura. Con unos ritmos elevad\u00edsimos y muy ambiciosos dejaba claro que el domingo, en Valencia, pasar\u00edan cosas. Y vaya si pasaron.<\/span><\/p>\n<p><span style=\"font-weight: 400;\">En el kil\u00f3metro tres, las liebres masculinas se quedaban atr\u00e1s sin poder seguir el ritmo de <\/span><b>Kejelcha<\/b><span style=\"font-weight: 400;\">, corredor <\/span><b>ADIDAS <\/b><span style=\"font-weight: 400;\">de <\/span><b>Etiop\u00eda <\/b><span style=\"font-weight: 400;\">que marcaba un ritmo endiablado hasta la l\u00ednea de meta. L\u00ednea de meta en la que, por apenas un segundo, bat\u00eda el <\/span><b>r\u00e9cord del mundo de Medio Marat\u00f3n <\/b><span style=\"font-weight: 400;\">en l\u00ednea con un tiempo de <\/span><b>57 minutos <\/b><span style=\"font-weight: 400;\">y<\/span><b> 30 segundos.<\/b><\/p>\n<p><span style=\"font-weight: 400;\">En el podium le acompa\u00f1ar\u00edan <\/span><b>Daniel Mateiko<\/b><span style=\"font-weight: 400;\"> de <\/span><b>Kenia <\/b><span style=\"font-weight: 400;\">y en tercer puesto llegaba el tambi\u00e9n keniata<\/span><b> Kipkoech Lasoi<\/b><span style=\"font-weight: 400;\">.<\/span><\/p>\n<p><a href=\"https:\/\/www.alssport.es\/blog\/alpine-connections-la-ultima-hazana-de-kilian-jornet\/\"><span style=\"font-weight: 400;\">Esto te puede interesar&gt;Alpine Connections: la \u00faltima haza\u00f1a de Kilian Jornet<\/span><\/a><\/p>\n<p><span style=\"font-weight: 400;\">Por lo que respecta a la carrera femenina, las atletas sal\u00edan tambi\u00e9n volando en pos de batir el r\u00e9cord del mundo y <\/span><b>Agnes Jebet Ngetich <\/b><span style=\"font-weight: 400;\">avanzaba a toda velocidad siempre guiada por sus dos liebres a un ritmo incre\u00edble. Ritmo que, al final de la prueba, le pasar\u00eda factura.<\/span><\/p>\n<p><span style=\"font-weight: 400;\">Apost\u00f3 fuerte por batir el r\u00e9cord del mundo pero termin\u00f3 <\/span><i><span style=\"font-weight: 400;\">desinfl\u00e1ndose <\/span><\/i><span style=\"font-weight: 400;\">en los \u00faltimos kil\u00f3metros. Pero no pens\u00e9is que se qued\u00f3 muerta porque hizo el <\/span><b>mejor crono de todos los tiempos <\/b><span style=\"font-weight: 400;\">y la <\/span><b>mejor marca del a\u00f1o<\/b><span style=\"font-weight: 400;\"> as\u00ed que carrer\u00f3n para ella tambi\u00e9n, que terminar\u00eda parando el reloj en <\/span><b>1h03\u201904\u201d <\/b><span style=\"font-weight: 400;\">y estar\u00eda acompa\u00f1ada en el podio por <\/span><b>Fotyen Tesfay <\/b><span style=\"font-weight: 400;\">y <\/span><b>Lilian Kasait<\/b><span style=\"font-weight: 400;\">.<\/span><\/p>\n<p>&nbsp;<\/p>\n<h2><span class=\"ez-toc-section\" id=\"La_carrera_de_los_nuestros\"><\/span><span style=\"font-weight: 400;\">La carrera de los nuestros\u00a0<\/span><span class=\"ez-toc-section-end\"><\/span><\/h2>\n<p><span style=\"font-weight: 400;\">Decir que los y las nuestras tambi\u00e9n hicieron aut\u00e9nticos <\/span><b><i>carrerones <\/i><\/b><span style=\"font-weight: 400;\">y es que la \u00e9lite nacional destac\u00f3 con carreras valientes con mejores o peores resultados, pero muy valientes.<\/span><\/p>\n<p><span style=\"font-weight: 400;\">Destacar el <\/span><b>r\u00e9cord de Espa\u00f1a <\/b><span style=\"font-weight: 400;\">de <\/span><b>Kaoutar Boulaid <\/b><span style=\"font-weight: 400;\">que bati\u00f3 la marca lograda el a\u00f1o pasado, tambi\u00e9n en la <\/span><b>Medio Marat\u00f3n de Valencia<\/b><span style=\"font-weight: 400;\">, <\/span><a href=\"https:\/\/www.instagram.com\/p\/DA6Fwfton0P\/\"><b>Laura Luengo<\/b><\/a><span style=\"font-weight: 400;\">. Marca que ser\u00eda bajada en m\u00e1s de un minuto dej\u00e1ndola en <\/span><b>1h08\u201947\u201d<\/b><span style=\"font-weight: 400;\">.<\/span><\/p>\n<p><a href=\"https:\/\/www.instagram.com\/p\/DBlGP_somIE\/\"><span style=\"font-weight: 400;\">Esto te puede interesar&gt;Entrevista a Laura Luengo<\/span><\/a><\/p>\n<p><span style=\"font-weight: 400;\">En chicos, el atleta del <\/span><b>Playas de Castell\u00f3 Thierry Ndikumwenayo <\/b><span style=\"font-weight: 400;\">apost\u00f3 fuerte pero no pudo batir la marca de <\/span><b>Carlos Mayo <\/b><span style=\"font-weight: 400;\">que se mantiene en los <\/span><b>59\u201939\u201d<\/b><span style=\"font-weight: 400;\">. Pero que Carlos no respire mucho porque este era el debut en la distancia por parte de <\/span><b>Thierry <\/b><span style=\"font-weight: 400;\">y se qued\u00f3 a apenas <\/span><b>tres segundos <\/b><span style=\"font-weight: 400;\">del r\u00e9cord nacional.<\/span><\/p>\n<p><span style=\"font-weight: 400;\">\u00a1Nosotros nos vamos ya a entrenar y seguir buscando las \u00faltimas novedades para compartirlas contigo! Pero no sin antes felicitaros a todos y todas las que pudisteis cruzar una meta tan magn\u00edfica en la que <\/span><a href=\"https:\/\/www.alssport.es\/\"><b>ALS SPORT<\/b><\/a> <span style=\"font-weight: 400;\">pudimos estar presente como observadores.<\/span><\/p>\n<p><span style=\"font-weight: 400;\">\u00a1Estamos s\u00faper orgullosos de vosotros y vosotras!<\/span><\/p>\n<p><span style=\"font-weight: 400;\">\u00a1A descansar y pensar en el siguiente reto!<\/span><\/p>\n<\/div>\n<\/div><\/div><\/div><\/div><\/div>","protected":false},"excerpt":{"rendered":"<p>Tal y como dice cierta marca de bebidas: \u00a1Valencia te da aaaalas! Este podr\u00eda ser, perfectamente, el resumen de lo sucedido en la Medio Marat\u00f3n de Valencia el pasado fin de semana. Y es que pudimos ver c\u00f3mo tanto \u00e9lites [&hellip;]<\/p>\n","protected":false},"author":6,"featured_media":16590,"comment_status":"closed","ping_status":"closed","sticky":false,"template":"","format":"standard","meta":{"_uf_show_specific_survey":0,"_uf_disable_surveys":false,"footnotes":""},"categories":[3],"tags":[137,75,90],"class_list":["post-16584","post","type-post","status-publish","format-standard","has-post-thumbnail","hentry","category-eventos","tag-carrera","tag-media-maraton","tag-running"],"yoast_head":"<!-- This site is optimized with the Yoast SEO plugin v25.6 - https:\/\/yoast.com\/wordpress\/plugins\/seo\/ -->\n<title>Cr\u00f3nica Medio Marat\u00f3n Valencia | ALS Sport<\/title>\n<meta name=\"description\" content=\"No nos pod\u00edamos perder el Medio Marat\u00f3n de Valencia que promet\u00eda emociones fuertes y r\u00e9cords .\u00a1Y as\u00ed fue! Te lo contamos todo en el blog.\" \/>\n<meta name=\"robots\" content=\"index, follow, max-snippet:-1, max-image-preview:large, max-video-preview:-1\" \/>\n<link rel=\"canonical\" href=\"https:\/\/www.alssport.es\/blog\/cronica-medio-maraton-valencia\/\" \/>\n<meta property=\"og:locale\" content=\"es_ES\" \/>\n<meta property=\"og:type\" content=\"article\" \/>\n<meta property=\"og:title\" content=\"Cr\u00f3nica Medio Marat\u00f3n Valencia | ALS Sport\" \/>\n<meta property=\"og:description\" content=\"No nos pod\u00edamos perder el Medio Marat\u00f3n de Valencia que promet\u00eda emociones fuertes y r\u00e9cords .\u00a1Y as\u00ed fue! Te lo contamos todo en el blog.\" \/>\n<meta property=\"og:url\" content=\"https:\/\/www.alssport.es\/blog\/cronica-medio-maraton-valencia\/\" \/>\n<meta property=\"og:site_name\" content=\"ALS Sport\" \/>\n<meta property=\"article:published_time\" content=\"2024-10-29T08:38:20+00:00\" \/>\n<meta property=\"og:image\" content=\"https:\/\/www.alssport.es\/blog\/wp-content\/uploads\/2024\/10\/29-10-BLOG-MEDIA-MARATON-VALENCIA.jpg\" \/>\n\t<meta property=\"og:image:width\" content=\"1671\" \/>\n\t<meta property=\"og:image:height\" content=\"1117\" \/>\n\t<meta property=\"og:image:type\" content=\"image\/jpeg\" \/>\n<meta name=\"author\" content=\"Marketing\" \/>\n<meta name=\"twitter:card\" content=\"summary_large_image\" \/>\n<meta name=\"twitter:creator\" content=\"@als_sport_es\" \/>\n<meta name=\"twitter:site\" content=\"@als_sport_es\" \/>\n<meta name=\"twitter:label1\" content=\"Escrito por\" \/>\n\t<meta name=\"twitter:data1\" content=\"Marketing\" \/>\n\t<meta name=\"twitter:label2\" content=\"Tiempo de lectura\" \/>\n\t<meta name=\"twitter:data2\" content=\"4 minutos\" \/>\n<script type=\"application\/ld+json\" class=\"yoast-schema-graph\">{\"@context\":\"https:\/\/schema.org\",\"@graph\":[{\"@type\":\"NewsArticle\",\"@id\":\"https:\/\/www.alssport.es\/blog\/cronica-medio-maraton-valencia\/#article\",\"isPartOf\":{\"@id\":\"https:\/\/www.alssport.es\/blog\/cronica-medio-maraton-valencia\/\"},\"author\":{\"name\":\"Marketing\",\"@id\":\"https:\/\/www.alssport.es\/blog\/#\/schema\/person\/fe1597db8f8a6b2bb995f2e2f237aa2e\"},\"headline\":\"Cr\u00f3nica Medio Marat\u00f3n Valencia\",\"datePublished\":\"2024-10-29T08:38:20+00:00\",\"mainEntityOfPage\":{\"@id\":\"https:\/\/www.alssport.es\/blog\/cronica-medio-maraton-valencia\/\"},\"wordCount\":874,\"publisher\":{\"@id\":\"https:\/\/www.alssport.es\/blog\/#organization\"},\"image\":{\"@id\":\"https:\/\/www.alssport.es\/blog\/cronica-medio-maraton-valencia\/#primaryimage\"},\"thumbnailUrl\":\"https:\/\/www.alssport.es\/blog\/wp-content\/uploads\/2024\/10\/29-10-BLOG-MEDIA-MARATON-VALENCIA.jpg\",\"keywords\":[\"Carrera\",\"Media Marat\u00f3n\",\"Running\"],\"articleSection\":[\"Eventos\"],\"inLanguage\":\"es\",\"copyrightYear\":\"2024\",\"copyrightHolder\":{\"@id\":\"https:\/\/www.alssport.es\/blog\/#organization\"}},{\"@type\":[\"WebPage\",\"ItemPage\"],\"@id\":\"https:\/\/www.alssport.es\/blog\/cronica-medio-maraton-valencia\/\",\"url\":\"https:\/\/www.alssport.es\/blog\/cronica-medio-maraton-valencia\/\",\"name\":\"Cr\u00f3nica Medio Marat\u00f3n Valencia | ALS Sport\",\"isPartOf\":{\"@id\":\"https:\/\/www.alssport.es\/blog\/#website\"},\"primaryImageOfPage\":{\"@id\":\"https:\/\/www.alssport.es\/blog\/cronica-medio-maraton-valencia\/#primaryimage\"},\"image\":{\"@id\":\"https:\/\/www.alssport.es\/blog\/cronica-medio-maraton-valencia\/#primaryimage\"},\"thumbnailUrl\":\"https:\/\/www.alssport.es\/blog\/wp-content\/uploads\/2024\/10\/29-10-BLOG-MEDIA-MARATON-VALENCIA.jpg\",\"datePublished\":\"2024-10-29T08:38:20+00:00\",\"description\":\"No nos pod\u00edamos perder el Medio Marat\u00f3n de Valencia que promet\u00eda emociones fuertes y r\u00e9cords .\u00a1Y as\u00ed fue! Te lo contamos todo en el blog.\",\"breadcrumb\":{\"@id\":\"https:\/\/www.alssport.es\/blog\/cronica-medio-maraton-valencia\/#breadcrumb\"},\"inLanguage\":\"es\",\"potentialAction\":[{\"@type\":\"ReadAction\",\"target\":[\"https:\/\/www.alssport.es\/blog\/cronica-medio-maraton-valencia\/\"]}]},{\"@type\":\"ImageObject\",\"inLanguage\":\"es\",\"@id\":\"https:\/\/www.alssport.es\/blog\/cronica-medio-maraton-valencia\/#primaryimage\",\"url\":\"https:\/\/www.alssport.es\/blog\/wp-content\/uploads\/2024\/10\/29-10-BLOG-MEDIA-MARATON-VALENCIA.jpg\",\"contentUrl\":\"https:\/\/www.alssport.es\/blog\/wp-content\/uploads\/2024\/10\/29-10-BLOG-MEDIA-MARATON-VALENCIA.jpg\",\"width\":1671,\"height\":1117},{\"@type\":\"BreadcrumbList\",\"@id\":\"https:\/\/www.alssport.es\/blog\/cronica-medio-maraton-valencia\/#breadcrumb\",\"itemListElement\":[{\"@type\":\"ListItem\",\"position\":1,\"name\":\"Portada\",\"item\":\"https:\/\/www.alssport.es\/blog\/\"},{\"@type\":\"ListItem\",\"position\":2,\"name\":\"Cr\u00f3nica Medio Marat\u00f3n Valencia\"}]},{\"@type\":\"WebSite\",\"@id\":\"https:\/\/www.alssport.es\/blog\/#website\",\"url\":\"https:\/\/www.alssport.es\/blog\/\",\"name\":\"Als Sport\",\"description\":\"Descubre nuestros consejos para mejorar tu rendimiento, reviews de las mejores zapatillas running y la cobertura de los eventos exclusivos para corredores.\",\"publisher\":{\"@id\":\"https:\/\/www.alssport.es\/blog\/#organization\"},\"potentialAction\":[{\"@type\":\"SearchAction\",\"target\":{\"@type\":\"EntryPoint\",\"urlTemplate\":\"https:\/\/www.alssport.es\/blog\/?s={search_term_string}\"},\"query-input\":{\"@type\":\"PropertyValueSpecification\",\"valueRequired\":true,\"valueName\":\"search_term_string\"}}],\"inLanguage\":\"es\"},{\"@type\":\"Organization\",\"@id\":\"https:\/\/www.alssport.es\/blog\/#organization\",\"name\":\"Als Sport\",\"url\":\"https:\/\/www.alssport.es\/blog\/\",\"logo\":{\"@type\":\"ImageObject\",\"inLanguage\":\"es\",\"@id\":\"https:\/\/www.alssport.es\/blog\/#\/schema\/logo\/image\/\",\"url\":\"https:\/\/www.alssport.es\/blog\/wp-content\/uploads\/2022\/04\/als-fav.png\",\"contentUrl\":\"https:\/\/www.alssport.es\/blog\/wp-content\/uploads\/2022\/04\/als-fav.png\",\"width\":200,\"height\":200,\"caption\":\"Als Sport\"},\"image\":{\"@id\":\"https:\/\/www.alssport.es\/blog\/#\/schema\/logo\/image\/\"},\"sameAs\":[\"https:\/\/x.com\/als_sport_es\",\"https:\/\/www.instagram.com\/als_sport\/\",\"https:\/\/www.youtube.com\/c\/alssportesgr\"]},{\"@type\":\"Person\",\"@id\":\"https:\/\/www.alssport.es\/blog\/#\/schema\/person\/fe1597db8f8a6b2bb995f2e2f237aa2e\",\"name\":\"Marketing\",\"image\":{\"@type\":\"ImageObject\",\"inLanguage\":\"es\",\"@id\":\"https:\/\/www.alssport.es\/blog\/#\/schema\/person\/image\/\",\"url\":\"https:\/\/secure.gravatar.com\/avatar\/8e544daf2acf8bf1ea61b3afe14a9aff?s=96&d=mm&r=g\",\"contentUrl\":\"https:\/\/secure.gravatar.com\/avatar\/8e544daf2acf8bf1ea61b3afe14a9aff?s=96&d=mm&r=g\",\"caption\":\"Marketing\"}}]}<\/script>\n<!-- \/ Yoast SEO plugin. -->","yoast_head_json":{"title":"Cr\u00f3nica Medio Marat\u00f3n Valencia | ALS Sport","description":"No nos pod\u00edamos perder el Medio Marat\u00f3n de Valencia que promet\u00eda emociones fuertes y r\u00e9cords .\u00a1Y as\u00ed fue! Te lo contamos todo en el blog.","robots":{"index":"index","follow":"follow","max-snippet":"max-snippet:-1","max-image-preview":"max-image-preview:large","max-video-preview":"max-video-preview:-1"},"canonical":"https:\/\/www.alssport.es\/blog\/cronica-medio-maraton-valencia\/","og_locale":"es_ES","og_type":"article","og_title":"Cr\u00f3nica Medio Marat\u00f3n Valencia | ALS Sport","og_description":"No nos pod\u00edamos perder el Medio Marat\u00f3n de Valencia que promet\u00eda emociones fuertes y r\u00e9cords .\u00a1Y as\u00ed fue! Te lo contamos todo en el blog.","og_url":"https:\/\/www.alssport.es\/blog\/cronica-medio-maraton-valencia\/","og_site_name":"ALS Sport","article_published_time":"2024-10-29T08:38:20+00:00","og_image":[{"width":1671,"height":1117,"url":"https:\/\/www.alssport.es\/blog\/wp-content\/uploads\/2024\/10\/29-10-BLOG-MEDIA-MARATON-VALENCIA.jpg","type":"image\/jpeg"}],"author":"Marketing","twitter_card":"summary_large_image","twitter_creator":"@als_sport_es","twitter_site":"@als_sport_es","twitter_misc":{"Escrito por":"Marketing","Tiempo de lectura":"4 minutos"},"schema":{"@context":"https:\/\/schema.org","@graph":[{"@type":"NewsArticle","@id":"https:\/\/www.alssport.es\/blog\/cronica-medio-maraton-valencia\/#article","isPartOf":{"@id":"https:\/\/www.alssport.es\/blog\/cronica-medio-maraton-valencia\/"},"author":{"name":"Marketing","@id":"https:\/\/www.alssport.es\/blog\/#\/schema\/person\/fe1597db8f8a6b2bb995f2e2f237aa2e"},"headline":"Cr\u00f3nica Medio Marat\u00f3n Valencia","datePublished":"2024-10-29T08:38:20+00:00","mainEntityOfPage":{"@id":"https:\/\/www.alssport.es\/blog\/cronica-medio-maraton-valencia\/"},"wordCount":874,"publisher":{"@id":"https:\/\/www.alssport.es\/blog\/#organization"},"image":{"@id":"https:\/\/www.alssport.es\/blog\/cronica-medio-maraton-valencia\/#primaryimage"},"thumbnailUrl":"https:\/\/www.alssport.es\/blog\/wp-content\/uploads\/2024\/10\/29-10-BLOG-MEDIA-MARATON-VALENCIA.jpg","keywords":["Carrera","Media Marat\u00f3n","Running"],"articleSection":["Eventos"],"inLanguage":"es","copyrightYear":"2024","copyrightHolder":{"@id":"https:\/\/www.alssport.es\/blog\/#organization"}},{"@type":["WebPage","ItemPage"],"@id":"https:\/\/www.alssport.es\/blog\/cronica-medio-maraton-valencia\/","url":"https:\/\/www.alssport.es\/blog\/cronica-medio-maraton-valencia\/","name":"Cr\u00f3nica Medio Marat\u00f3n Valencia | ALS Sport","isPartOf":{"@id":"https:\/\/www.alssport.es\/blog\/#website"},"primaryImageOfPage":{"@id":"https:\/\/www.alssport.es\/blog\/cronica-medio-maraton-valencia\/#primaryimage"},"image":{"@id":"https:\/\/www.alssport.es\/blog\/cronica-medio-maraton-valencia\/#primaryimage"},"thumbnailUrl":"https:\/\/www.alssport.es\/blog\/wp-content\/uploads\/2024\/10\/29-10-BLOG-MEDIA-MARATON-VALENCIA.jpg","datePublished":"2024-10-29T08:38:20+00:00","description":"No nos pod\u00edamos perder el Medio Marat\u00f3n de Valencia que promet\u00eda emociones fuertes y r\u00e9cords .\u00a1Y as\u00ed fue! Te lo contamos todo en el blog.","breadcrumb":{"@id":"https:\/\/www.alssport.es\/blog\/cronica-medio-maraton-valencia\/#breadcrumb"},"inLanguage":"es","potentialAction":[{"@type":"ReadAction","target":["https:\/\/www.alssport.es\/blog\/cronica-medio-maraton-valencia\/"]}]},{"@type":"ImageObject","inLanguage":"es","@id":"https:\/\/www.alssport.es\/blog\/cronica-medio-maraton-valencia\/#primaryimage","url":"https:\/\/www.alssport.es\/blog\/wp-content\/uploads\/2024\/10\/29-10-BLOG-MEDIA-MARATON-VALENCIA.jpg","contentUrl":"https:\/\/www.alssport.es\/blog\/wp-content\/uploads\/2024\/10\/29-10-BLOG-MEDIA-MARATON-VALENCIA.jpg","width":1671,"height":1117},{"@type":"BreadcrumbList","@id":"https:\/\/www.alssport.es\/blog\/cronica-medio-maraton-valencia\/#breadcrumb","itemListElement":[{"@type":"ListItem","position":1,"name":"Portada","item":"https:\/\/www.alssport.es\/blog\/"},{"@type":"ListItem","position":2,"name":"Cr\u00f3nica Medio Marat\u00f3n Valencia"}]},{"@type":"WebSite","@id":"https:\/\/www.alssport.es\/blog\/#website","url":"https:\/\/www.alssport.es\/blog\/","name":"Als Sport","description":"Descubre nuestros consejos para mejorar tu rendimiento, reviews de las mejores zapatillas running y la cobertura de los eventos exclusivos para corredores.","publisher":{"@id":"https:\/\/www.alssport.es\/blog\/#organization"},"potentialAction":[{"@type":"SearchAction","target":{"@type":"EntryPoint","urlTemplate":"https:\/\/www.alssport.es\/blog\/?s={search_term_string}"},"query-input":{"@type":"PropertyValueSpecification","valueRequired":true,"valueName":"search_term_string"}}],"inLanguage":"es"},{"@type":"Organization","@id":"https:\/\/www.alssport.es\/blog\/#organization","name":"Als Sport","url":"https:\/\/www.alssport.es\/blog\/","logo":{"@type":"ImageObject","inLanguage":"es","@id":"https:\/\/www.alssport.es\/blog\/#\/schema\/logo\/image\/","url":"https:\/\/www.alssport.es\/blog\/wp-content\/uploads\/2022\/04\/als-fav.png","contentUrl":"https:\/\/www.alssport.es\/blog\/wp-content\/uploads\/2022\/04\/als-fav.png","width":200,"height":200,"caption":"Als Sport"},"image":{"@id":"https:\/\/www.alssport.es\/blog\/#\/schema\/logo\/image\/"},"sameAs":["https:\/\/x.com\/als_sport_es","https:\/\/www.instagram.com\/als_sport\/","https:\/\/www.youtube.com\/c\/alssportesgr"]},{"@type":"Person","@id":"https:\/\/www.alssport.es\/blog\/#\/schema\/person\/fe1597db8f8a6b2bb995f2e2f237aa2e","name":"Marketing","image":{"@type":"ImageObject","inLanguage":"es","@id":"https:\/\/www.alssport.es\/blog\/#\/schema\/person\/image\/","url":"https:\/\/secure.gravatar.com\/avatar\/8e544daf2acf8bf1ea61b3afe14a9aff?s=96&d=mm&r=g","contentUrl":"https:\/\/secure.gravatar.com\/avatar\/8e544daf2acf8bf1ea61b3afe14a9aff?s=96&d=mm&r=g","caption":"Marketing"}}]}},"_links":{"self":[{"href":"https:\/\/www.alssport.es\/blog\/wp-json\/wp\/v2\/posts\/16584"}],"collection":[{"href":"https:\/\/www.alssport.es\/blog\/wp-json\/wp\/v2\/posts"}],"about":[{"href":"https:\/\/www.alssport.es\/blog\/wp-json\/wp\/v2\/types\/post"}],"author":[{"embeddable":true,"href":"https:\/\/www.alssport.es\/blog\/wp-json\/wp\/v2\/users\/6"}],"replies":[{"embeddable":true,"href":"https:\/\/www.alssport.es\/blog\/wp-json\/wp\/v2\/comments?post=16584"}],"version-history":[{"count":6,"href":"https:\/\/www.alssport.es\/blog\/wp-json\/wp\/v2\/posts\/16584\/revisions"}],"predecessor-version":[{"id":16597,"href":"https:\/\/www.alssport.es\/blog\/wp-json\/wp\/v2\/posts\/16584\/revisions\/16597"}],"wp:featuredmedia":[{"embeddable":true,"href":"https:\/\/www.alssport.es\/blog\/wp-json\/wp\/v2\/media\/16590"}],"wp:attachment":[{"href":"https:\/\/www.alssport.es\/blog\/wp-json\/wp\/v2\/media?parent=16584"}],"wp:term":[{"taxonomy":"category","embeddable":true,"href":"https:\/\/www.alssport.es\/blog\/wp-json\/wp\/v2\/categories?post=16584"},{"taxonomy":"post_tag","embeddable":true,"href":"https:\/\/www.alssport.es\/blog\/wp-json\/wp\/v2\/tags?post=16584"}],"curies":[{"name":"wp","href":"https:\/\/api.w.org\/{rel}","templated":true}]}}