{"id":17215,"date":"2024-12-19T11:43:15","date_gmt":"2024-12-19T10:43:15","guid":{"rendered":"https:\/\/www.alssport.es\/blog\/?p=17215"},"modified":"2024-12-19T11:43:16","modified_gmt":"2024-12-19T10:43:16","slug":"mundial-de-trail-running-canfranc-pirineos-2025-entrevista-a-andreu-blanes","status":"publish","type":"post","link":"https:\/\/www.alssport.es\/blog\/mundial-de-trail-running-canfranc-pirineos-2025-entrevista-a-andreu-blanes\/","title":{"rendered":"Mundial de Trail Running Canfranc Pirineos 2025: entrevista a Andreu Blanes"},"content":{"rendered":"<div id=\"pl-17215\"  class=\"panel-layout\" ><div id=\"pg-17215-0\"  class=\"panel-grid panel-no-style\" ><div id=\"pgc-17215-0-0\"  class=\"panel-grid-cell\" ><div id=\"panel-17215-0-0-0\" class=\"so-panel widget widget_sow-editor panel-first-child panel-last-child\" data-index=\"0\" ><div\n\t\t\t\n\t\t\tclass=\"so-widget-sow-editor so-widget-sow-editor-base\"\n\t\t\t\n\t\t>\n<div class=\"siteorigin-widget-tinymce textwidget\">\n\t<div id=\"ez-toc-container\" class=\"ez-toc-v2_0_69_1 counter-hierarchy ez-toc-counter ez-toc-custom ez-toc-container-direction\">\n<div class=\"ez-toc-title-container\">\n<p class=\"ez-toc-title\" style=\"cursor:inherit\">Contenidos del Art\u00edculo<\/p>\n<span class=\"ez-toc-title-toggle\"><a href=\"#\" class=\"ez-toc-pull-right ez-toc-btn ez-toc-btn-xs ez-toc-btn-default ez-toc-toggle\" aria-label=\"Toggle Table of Content\"><span class=\"ez-toc-js-icon-con\"><span class=\"\"><span class=\"eztoc-hide\" style=\"display:none;\">Toggle<\/span><span class=\"ez-toc-icon-toggle-span\"><svg style=\"fill: #999;color:#999\" xmlns=\"http:\/\/www.w3.org\/2000\/svg\" class=\"list-377408\" width=\"20px\" height=\"20px\" viewBox=\"0 0 24 24\" fill=\"none\"><path d=\"M6 6H4v2h2V6zm14 0H8v2h12V6zM4 11h2v2H4v-2zm16 0H8v2h12v-2zM4 16h2v2H4v-2zm16 0H8v2h12v-2z\" fill=\"currentColor\"><\/path><\/svg><svg style=\"fill: #999;color:#999\" class=\"arrow-unsorted-368013\" xmlns=\"http:\/\/www.w3.org\/2000\/svg\" width=\"10px\" height=\"10px\" viewBox=\"0 0 24 24\" version=\"1.2\" baseProfile=\"tiny\"><path d=\"M18.2 9.3l-6.2-6.3-6.2 6.3c-.2.2-.3.4-.3.7s.1.5.3.7c.2.2.4.3.7.3h11c.3 0 .5-.1.7-.3.2-.2.3-.5.3-.7s-.1-.5-.3-.7zM5.8 14.7l6.2 6.3 6.2-6.3c.2-.2.3-.5.3-.7s-.1-.5-.3-.7c-.2-.2-.4-.3-.7-.3h-11c-.3 0-.5.1-.7.3-.2.2-.3.5-.3.7s.1.5.3.7z\"\/><\/svg><\/span><\/span><\/span><\/a><\/span><\/div>\n<nav><ul class='ez-toc-list ez-toc-list-level-1 eztoc-toggle-hide-by-default' ><li class='ez-toc-page-1 ez-toc-heading-level-2'><a class=\"ez-toc-link ez-toc-heading-1\" href=\"https:\/\/www.alssport.es\/blog\/mundial-de-trail-running-canfranc-pirineos-2025-entrevista-a-andreu-blanes\/#%C2%BFComo_ves_a_la_Seleccion_Espanola_para_este_campeonato_del_mundo\" title=\"\u00bfC\u00f3mo ves a la Selecci\u00f3n Espa\u00f1ola para este campeonato del mundo?\">\u00bfC\u00f3mo ves a la Selecci\u00f3n Espa\u00f1ola para este campeonato del mundo?<\/a><\/li><li class='ez-toc-page-1 ez-toc-heading-level-2'><a class=\"ez-toc-link ez-toc-heading-2\" href=\"https:\/\/www.alssport.es\/blog\/mundial-de-trail-running-canfranc-pirineos-2025-entrevista-a-andreu-blanes\/#El_atletismo_africano_siempre_ha_sido_una_potencia_%C2%BFComo_los_ves_en_el_trail_running\" title=\"El atletismo africano siempre ha sido una potencia. \u00bfC\u00f3mo los ves en el trail running?\">El atletismo africano siempre ha sido una potencia. \u00bfC\u00f3mo los ves en el trail running?<\/a><\/li><li class='ez-toc-page-1 ez-toc-heading-level-2'><a class=\"ez-toc-link ez-toc-heading-3\" href=\"https:\/\/www.alssport.es\/blog\/mundial-de-trail-running-canfranc-pirineos-2025-entrevista-a-andreu-blanes\/#Vamos_a_ponernos_mas_personales_%C2%BFcomo_fue_el_salto_de_la_pista_al_trail\" title=\"Vamos a ponernos m\u00e1s personales, \u00bfc\u00f3mo fue el salto de la pista al trail?\">Vamos a ponernos m\u00e1s personales, \u00bfc\u00f3mo fue el salto de la pista al trail?<\/a><\/li><li class='ez-toc-page-1 ez-toc-heading-level-2'><a class=\"ez-toc-link ez-toc-heading-4\" href=\"https:\/\/www.alssport.es\/blog\/mundial-de-trail-running-canfranc-pirineos-2025-entrevista-a-andreu-blanes\/#Para_cerrar_este_asalto_a_mano_armada_%C2%BFque_prueba_del_mundial_te_gustaria_hacer\" title=\"Para cerrar este asalto a mano armada, \u00bfqu\u00e9 prueba del mundial te gustar\u00eda hacer?\">Para cerrar este asalto a mano armada, \u00bfqu\u00e9 prueba del mundial te gustar\u00eda hacer?<\/a><\/li><\/ul><\/nav><\/div>\n<h2><span class=\"ez-toc-section\" id=\"%C2%BFComo_ves_a_la_Seleccion_Espanola_para_este_campeonato_del_mundo\"><\/span><span style=\"font-weight: 400;\">\u00bfC\u00f3mo ves a la Selecci\u00f3n Espa\u00f1ola para este campeonato del mundo?<\/span><span class=\"ez-toc-section-end\"><\/span><\/h2>\n<p><span style=\"font-weight: 400;\">La verdad es que tengo la sensaci\u00f3n de que lo vamos a hacer muy bien.\u00a0<\/span><\/p>\n<p><span style=\"font-weight: 400;\">El primer motivo es porque corremos <\/span><i><span style=\"font-weight: 400;\">en casa <\/span><\/i><span style=\"font-weight: 400;\">y eso siempre te da un punto extra tanto de motivaci\u00f3n como de conocimiento del terreno a la hora de entrenar y tener m\u00e1s clara a\u00fan la estrategia de competici\u00f3n.<\/span><\/p>\n<p><a href=\"https:\/\/www.alssport.es\/blog\/cronica-gorbeia-suzien-2024\/\"><span style=\"font-weight: 400;\">Esto te puede interesar&gt;Cr\u00f3nica Gorbeia Suzien 2024<\/span><\/a><\/p>\n<p><span style=\"font-weight: 400;\">Hay que recordar que hemos sido la mejor selecci\u00f3n de Europa en la distancia corta en los dos \u00faltimos campeonatos y eso, quieras que no, demuestra el estado de forma y la seriedad con la que se preparan estos eventos.<\/span><\/p>\n<p><span style=\"font-weight: 400;\">Canfranc, al correrse <\/span><i><span style=\"font-weight: 400;\">en casa<\/span><\/i><span style=\"font-weight: 400;\"> puede facilitar que demos ese pasito adelante en la escala mundial en esa modalidad m\u00e1s corta.<\/span><\/p>\n<p><span style=\"font-weight: 400;\">Si nuestros y nuestras mejores atletas de larga distancia siguen compitiendo como vienen haci\u00e9ndolo los \u00faltimos tiempos tenemos un gran potencial para ser <\/span><b>la selecci\u00f3n a batir<\/b><span style=\"font-weight: 400;\">.<\/span><\/p>\n<p>&nbsp;<\/p>\n<h2><span class=\"ez-toc-section\" id=\"El_atletismo_africano_siempre_ha_sido_una_potencia_%C2%BFComo_los_ves_en_el_trail_running\"><\/span><span style=\"font-weight: 400;\">El atletismo africano siempre ha sido una potencia. \u00bfC\u00f3mo los ves en el trail running?<\/span><span class=\"ez-toc-section-end\"><\/span><\/h2>\n<p><span style=\"font-weight: 400;\">Llevan ya tiempo compitiendo en las distancias m\u00e1s cortas. No es que vengan de nuevas a un campeonato del mundo. En estas distancias se defienden muy bien por sus condiciones y el nivel de entrenamiento. Son carreras que tienen ciertas semejanzas con el <\/span><a href=\"https:\/\/www.alssport.es\/?mot_q=campo%20a%20traves&amp;mot_s=6172\"><b>cross<\/b><\/a> <span style=\"font-weight: 400;\">y esto les favorece llegando a dominar esas distancias.<\/span><\/p>\n<p><span style=\"font-weight: 400;\">Cada vez cuentan con mayor apoyo de diferentes patrocinios y eso siempre facilita que se pueda aprender a gestionar carreras de mayores distancias que las que han dominado de forma tradicional. Cuentan con m\u00e1s recursos, lo que los hace m\u00e1s competitivos.<\/span><\/p>\n<p><a href=\"https:\/\/www.alssport.es\/blog\/cronica-maraton-malaga\/\"><span style=\"font-weight: 400;\">Esto te puede interesar&gt;Cr\u00f3nica Marat\u00f3n de M\u00e1laga<\/span><\/a><span style=\"font-weight: 400;\">\u00a0<\/span><\/p>\n<p><span style=\"font-weight: 400;\">A\u00fan as\u00ed, las distancias m\u00e1s largas siguen siendo complicadas de gestionar para ellos y ellas y por suerte las selecciones europeas tenemos esa ventaja <\/span><i><span style=\"font-weight: 400;\">de base <\/span><\/i><span style=\"font-weight: 400;\">a la hora de competir en campeonatos del mundo. <\/span><span style=\"font-weight: 400;\">Habr\u00e1 que ir <\/span><i><span style=\"font-weight: 400;\">vigil\u00e1ndoles <\/span><\/i><span style=\"font-weight: 400;\">porque cuando tomen una din\u00e1mica ascendente ser\u00e1n rivales muy a tener en cuenta.<\/span><\/p>\n<\/div>\n<\/div><\/div><\/div><\/div><div id=\"pg-17215-1\"  class=\"panel-grid panel-no-style\" ><div id=\"pgc-17215-1-0\"  class=\"panel-grid-cell\" ><div id=\"panel-17215-1-0-0\" class=\"so-panel widget widget_sow-image panel-first-child panel-last-child\" data-index=\"1\" ><div\n\t\t\t\n\t\t\tclass=\"so-widget-sow-image so-widget-sow-image-default-8b5b6f678277-17215\"\n\t\t\t\n\t\t>\n\n<div class=\"sow-image-container\">\n\t\t\t<a href=\"https:\/\/www.instagram.com\/andreublanes\/\"\n\t\t\t\t\t>\n\t\t\t<img decoding=\"async\" src=\"https:\/\/www.alssport.es\/blog\/wp-content\/uploads\/2024\/12\/ANDREU-BLANES-compressed.jpg\" width=\"2048\" height=\"1054\" title=\"ANDREU-BLANES\" alt=\"\" \t\tclass=\"so-widget-image\"\/>\n\t<\/a><\/div>\n\n<\/div><\/div><\/div><\/div><div id=\"pg-17215-2\"  class=\"panel-grid panel-no-style\" ><div id=\"pgc-17215-2-0\"  class=\"panel-grid-cell\" ><div id=\"panel-17215-2-0-0\" class=\"so-panel widget widget_sow-editor panel-first-child panel-last-child\" data-index=\"2\" ><div\n\t\t\t\n\t\t\tclass=\"so-widget-sow-editor so-widget-sow-editor-base\"\n\t\t\t\n\t\t>\n<div class=\"siteorigin-widget-tinymce textwidget\">\n\t<h2><span class=\"ez-toc-section\" id=\"Vamos_a_ponernos_mas_personales_%C2%BFcomo_fue_el_salto_de_la_pista_al_trail\"><\/span><span style=\"font-weight: 400;\">Vamos a ponernos m\u00e1s personales, \u00bfc\u00f3mo fue el salto de la pista al trail?<\/span><span class=\"ez-toc-section-end\"><\/span><\/h2>\n<p><span style=\"font-weight: 400;\">En esta vida siempre es bonito tener retos personales y despu\u00e9s de llevar a\u00f1os <\/span><i><span style=\"font-weight: 400;\">dando vueltas <\/span><\/i><span style=\"font-weight: 400;\">al tart\u00e1n quer\u00eda probar sensaciones nuevas y me llamaba mucho la atenci\u00f3n el alejarme de un tipo de competici\u00f3n tan diferente para tener un est\u00edmulo nuevo.<\/span><\/p>\n<p><span style=\"font-weight: 400;\">Sab\u00eda que despu\u00e9s de <\/span><b>6 a\u00f1os <\/b><span style=\"font-weight: 400;\">compitiendo en pista iba a tenerlo todo en mi contra por las obvias diferencias entre un tipo de competici\u00f3n y la otra.<\/span><\/p>\n<p><span style=\"font-weight: 400;\">Pero con el paso del tiempo estoy observando que lo que pod\u00eda ser algo que jugara en mi contra por las diferencias se ha convertido en un paso natural para m\u00ed en el que explotar lo aprendido y crecido con las exigencias del <\/span><b>atletismo de<\/b> <b>pista<\/b><span style=\"font-weight: 400;\"> en el entorno del <\/span><a href=\"https:\/\/www.alssport.es\/258-zapatillas-trail-running-hombre\"><b>trail running<\/b><\/a><span style=\"font-weight: 400;\">.<\/span><\/p>\n<p><span style=\"font-weight: 400;\">He conseguido adaptarme mucho y muy bien a una disciplina dur\u00edsima pero que se adapta perfectamente a mis condiciones. Por eso espero disfrutar de una carrera larga en la que vengan muchos resultados que me permitan competir muchos a\u00f1os al m\u00e1ximo nivel.<\/span><\/p>\n<p><span style=\"font-weight: 400;\">Y lo m\u00e1s importante de todo: que pueda <\/span><b>divertirme <\/b><span style=\"font-weight: 400;\">mientras compito.<\/span><\/p>\n<p>&nbsp;<\/p>\n<h2><span class=\"ez-toc-section\" id=\"Para_cerrar_este_asalto_a_mano_armada_%C2%BFque_prueba_del_mundial_te_gustaria_hacer\"><\/span><span style=\"font-weight: 400;\">Para cerrar este <\/span><i><span style=\"font-weight: 400;\">asalto a mano armada<\/span><\/i><span style=\"font-weight: 400;\">, \u00bfqu\u00e9 prueba del mundial te gustar\u00eda hacer?<\/span><span class=\"ez-toc-section-end\"><\/span><\/h2>\n<p><span style=\"font-weight: 400;\">A d\u00eda de hoy, sinceramente, no tenemos nada decidido. Es <\/span><i><span style=\"font-weight: 400;\">muy pronto <\/span><\/i><span style=\"font-weight: 400;\">y el calendario es muy largo.<\/span><\/p>\n<p><span style=\"font-weight: 400;\">Lo m\u00e1s normal, para m\u00ed, ser\u00eda hacer la distancia m\u00e1s corta puesto que en aproximadamente una hora puedo <\/span><b>darlo todo <\/b><span style=\"font-weight: 400;\">y sacar lo mejor de mis condiciones pero a\u00fan es muy pronto para cerrarse puertas y ver c\u00f3mo va avanzando el a\u00f1o.<\/span><\/p>\n<p><a href=\"https:\/\/www.alssport.es\/blog\/mejores-zapatillas-hoka-para-trail-2\/\"><span style=\"font-weight: 400;\">Esto te puede interesar&gt;Mejores zapatillas Hoka para trail<\/span><\/a><\/p>\n<p><span style=\"font-weight: 400;\">La decisi\u00f3n final vendr\u00e1 al terminar de cerrar la etapa del <\/span><b>atletismo en pista <\/b><span style=\"font-weight: 400;\">y del <\/span><b>running en ruta<\/b><span style=\"font-weight: 400;\">.<\/span><\/p>\n<p><span style=\"font-weight: 400;\">Ahora me centrar\u00e9 en competir en buenas condiciones en <\/span><b>cross <\/b><span style=\"font-weight: 400;\">y poco a poco veremos c\u00f3mo <\/span><i><span style=\"font-weight: 400;\">centramos el tiro <\/span><\/i><span style=\"font-weight: 400;\">a la hora de hacer la mejor elecci\u00f3n posible y ayudar a que la selecci\u00f3n espa\u00f1ola est\u00e9 lo m\u00e1s alto posible.<\/span><\/p>\n<p><span style=\"font-weight: 400;\">\u00a1Dadle las gracias a Andreu Blanes por hacernos un huequito en su agenda de entrenamientos y competiciones!<\/span><\/p>\n<p><span style=\"font-weight: 400;\">Nosotros le estamos tremendamente agradecidos porque nos ha dejado conocer un poco m\u00e1s de sus aspiraciones y conocimientos de la competici\u00f3n mundial.<\/span><\/p>\n<p><span style=\"font-weight: 400;\">\u00a1Qu\u00e9 ganas de verlos competir y disfrutar en <\/span><b>Canfranc - Canfranc<\/b><span style=\"font-weight: 400;\">!<\/span><\/p>\n<\/div>\n<\/div><\/div><\/div><\/div><\/div>","protected":false},"excerpt":{"rendered":"<p>\u00bfC\u00f3mo ves a la Selecci\u00f3n Espa\u00f1ola para este campeonato del mundo? La verdad es que tengo la sensaci\u00f3n de que lo vamos a hacer muy bien.\u00a0 El primer motivo es porque corremos en casa y eso siempre te da un [&hellip;]<\/p>\n","protected":false},"author":6,"featured_media":17218,"comment_status":"closed","ping_status":"closed","sticky":false,"template":"","format":"standard","meta":{"_uf_show_specific_survey":0,"_uf_disable_surveys":false,"footnotes":""},"categories":[3],"tags":[1162,52],"class_list":["post-17215","post","type-post","status-publish","format-standard","has-post-thumbnail","hentry","category-eventos","tag-mundial-trail-running","tag-trail-running"],"yoast_head":"<!-- This site is optimized with the Yoast SEO plugin v25.6 - https:\/\/yoast.com\/wordpress\/plugins\/seo\/ -->\n<title>Mundial de Trail Running Canfranc Pirineos 2025: entrevista a Andreu Blanes | ALS Sport<\/title>\n<meta name=\"description\" content=\"Hemos podido hablar con Andreu Blanes y nos ha contado su punto de vista de cara al pr\u00f3ximo Mundial Trail Running Canfranc 2025.\" \/>\n<meta name=\"robots\" content=\"index, follow, max-snippet:-1, max-image-preview:large, max-video-preview:-1\" \/>\n<link rel=\"canonical\" href=\"https:\/\/www.alssport.es\/blog\/mundial-de-trail-running-canfranc-pirineos-2025-entrevista-a-andreu-blanes\/\" \/>\n<meta property=\"og:locale\" content=\"es_ES\" \/>\n<meta property=\"og:type\" content=\"article\" \/>\n<meta property=\"og:title\" content=\"Mundial de Trail Running Canfranc Pirineos 2025: entrevista a Andreu Blanes | ALS Sport\" \/>\n<meta property=\"og:description\" content=\"Hemos podido hablar con Andreu Blanes y nos ha contado su punto de vista de cara al pr\u00f3ximo Mundial Trail Running Canfranc 2025.\" \/>\n<meta property=\"og:url\" content=\"https:\/\/www.alssport.es\/blog\/mundial-de-trail-running-canfranc-pirineos-2025-entrevista-a-andreu-blanes\/\" \/>\n<meta property=\"og:site_name\" content=\"ALS Sport\" \/>\n<meta property=\"article:published_time\" content=\"2024-12-19T10:43:15+00:00\" \/>\n<meta property=\"article:modified_time\" content=\"2024-12-19T10:43:16+00:00\" \/>\n<meta property=\"og:image\" content=\"https:\/\/www.alssport.es\/blog\/wp-content\/uploads\/2024\/12\/19-12-BLOG-CAMPEONATO-DEL-MUNDO-TRAIL-RUNNING-compressed.jpg\" \/>\n\t<meta property=\"og:image:width\" content=\"1849\" \/>\n\t<meta property=\"og:image:height\" content=\"1086\" \/>\n\t<meta property=\"og:image:type\" content=\"image\/jpeg\" \/>\n<meta name=\"author\" content=\"Marketing\" \/>\n<meta name=\"twitter:card\" content=\"summary_large_image\" \/>\n<meta name=\"twitter:creator\" content=\"@als_sport_es\" \/>\n<meta name=\"twitter:site\" content=\"@als_sport_es\" \/>\n<meta name=\"twitter:label1\" content=\"Escrito por\" \/>\n\t<meta name=\"twitter:data1\" content=\"Marketing\" \/>\n\t<meta name=\"twitter:label2\" content=\"Tiempo de lectura\" \/>\n\t<meta name=\"twitter:data2\" content=\"4 minutos\" \/>\n<script type=\"application\/ld+json\" class=\"yoast-schema-graph\">{\"@context\":\"https:\/\/schema.org\",\"@graph\":[{\"@type\":\"NewsArticle\",\"@id\":\"https:\/\/www.alssport.es\/blog\/mundial-de-trail-running-canfranc-pirineos-2025-entrevista-a-andreu-blanes\/#article\",\"isPartOf\":{\"@id\":\"https:\/\/www.alssport.es\/blog\/mundial-de-trail-running-canfranc-pirineos-2025-entrevista-a-andreu-blanes\/\"},\"author\":{\"name\":\"Marketing\",\"@id\":\"https:\/\/www.alssport.es\/blog\/#\/schema\/person\/fe1597db8f8a6b2bb995f2e2f237aa2e\"},\"headline\":\"Mundial de Trail Running Canfranc Pirineos 2025: entrevista a Andreu Blanes\",\"datePublished\":\"2024-12-19T10:43:15+00:00\",\"dateModified\":\"2024-12-19T10:43:16+00:00\",\"mainEntityOfPage\":{\"@id\":\"https:\/\/www.alssport.es\/blog\/mundial-de-trail-running-canfranc-pirineos-2025-entrevista-a-andreu-blanes\/\"},\"wordCount\":791,\"publisher\":{\"@id\":\"https:\/\/www.alssport.es\/blog\/#organization\"},\"image\":{\"@id\":\"https:\/\/www.alssport.es\/blog\/mundial-de-trail-running-canfranc-pirineos-2025-entrevista-a-andreu-blanes\/#primaryimage\"},\"thumbnailUrl\":\"https:\/\/www.alssport.es\/blog\/wp-content\/uploads\/2024\/12\/19-12-BLOG-CAMPEONATO-DEL-MUNDO-TRAIL-RUNNING-compressed.jpg\",\"keywords\":[\"Mundial trail running\",\"Trail running\"],\"articleSection\":[\"Eventos\"],\"inLanguage\":\"es\",\"copyrightYear\":\"2024\",\"copyrightHolder\":{\"@id\":\"https:\/\/www.alssport.es\/blog\/#organization\"}},{\"@type\":[\"WebPage\",\"ItemPage\"],\"@id\":\"https:\/\/www.alssport.es\/blog\/mundial-de-trail-running-canfranc-pirineos-2025-entrevista-a-andreu-blanes\/\",\"url\":\"https:\/\/www.alssport.es\/blog\/mundial-de-trail-running-canfranc-pirineos-2025-entrevista-a-andreu-blanes\/\",\"name\":\"Mundial de Trail Running Canfranc Pirineos 2025: entrevista a Andreu Blanes | ALS Sport\",\"isPartOf\":{\"@id\":\"https:\/\/www.alssport.es\/blog\/#website\"},\"primaryImageOfPage\":{\"@id\":\"https:\/\/www.alssport.es\/blog\/mundial-de-trail-running-canfranc-pirineos-2025-entrevista-a-andreu-blanes\/#primaryimage\"},\"image\":{\"@id\":\"https:\/\/www.alssport.es\/blog\/mundial-de-trail-running-canfranc-pirineos-2025-entrevista-a-andreu-blanes\/#primaryimage\"},\"thumbnailUrl\":\"https:\/\/www.alssport.es\/blog\/wp-content\/uploads\/2024\/12\/19-12-BLOG-CAMPEONATO-DEL-MUNDO-TRAIL-RUNNING-compressed.jpg\",\"datePublished\":\"2024-12-19T10:43:15+00:00\",\"dateModified\":\"2024-12-19T10:43:16+00:00\",\"description\":\"Hemos podido hablar con Andreu Blanes y nos ha contado su punto de vista de cara al pr\u00f3ximo Mundial Trail Running Canfranc 2025.\",\"breadcrumb\":{\"@id\":\"https:\/\/www.alssport.es\/blog\/mundial-de-trail-running-canfranc-pirineos-2025-entrevista-a-andreu-blanes\/#breadcrumb\"},\"inLanguage\":\"es\",\"potentialAction\":[{\"@type\":\"ReadAction\",\"target\":[\"https:\/\/www.alssport.es\/blog\/mundial-de-trail-running-canfranc-pirineos-2025-entrevista-a-andreu-blanes\/\"]}]},{\"@type\":\"ImageObject\",\"inLanguage\":\"es\",\"@id\":\"https:\/\/www.alssport.es\/blog\/mundial-de-trail-running-canfranc-pirineos-2025-entrevista-a-andreu-blanes\/#primaryimage\",\"url\":\"https:\/\/www.alssport.es\/blog\/wp-content\/uploads\/2024\/12\/19-12-BLOG-CAMPEONATO-DEL-MUNDO-TRAIL-RUNNING-compressed.jpg\",\"contentUrl\":\"https:\/\/www.alssport.es\/blog\/wp-content\/uploads\/2024\/12\/19-12-BLOG-CAMPEONATO-DEL-MUNDO-TRAIL-RUNNING-compressed.jpg\",\"width\":1849,\"height\":1086},{\"@type\":\"BreadcrumbList\",\"@id\":\"https:\/\/www.alssport.es\/blog\/mundial-de-trail-running-canfranc-pirineos-2025-entrevista-a-andreu-blanes\/#breadcrumb\",\"itemListElement\":[{\"@type\":\"ListItem\",\"position\":1,\"name\":\"Portada\",\"item\":\"https:\/\/www.alssport.es\/blog\/\"},{\"@type\":\"ListItem\",\"position\":2,\"name\":\"Mundial de Trail Running Canfranc Pirineos 2025: entrevista a Andreu Blanes\"}]},{\"@type\":\"WebSite\",\"@id\":\"https:\/\/www.alssport.es\/blog\/#website\",\"url\":\"https:\/\/www.alssport.es\/blog\/\",\"name\":\"Als Sport\",\"description\":\"Descubre nuestros consejos para mejorar tu rendimiento, reviews de las mejores zapatillas running y la cobertura de los eventos exclusivos para corredores.\",\"publisher\":{\"@id\":\"https:\/\/www.alssport.es\/blog\/#organization\"},\"potentialAction\":[{\"@type\":\"SearchAction\",\"target\":{\"@type\":\"EntryPoint\",\"urlTemplate\":\"https:\/\/www.alssport.es\/blog\/?s={search_term_string}\"},\"query-input\":{\"@type\":\"PropertyValueSpecification\",\"valueRequired\":true,\"valueName\":\"search_term_string\"}}],\"inLanguage\":\"es\"},{\"@type\":\"Organization\",\"@id\":\"https:\/\/www.alssport.es\/blog\/#organization\",\"name\":\"Als Sport\",\"url\":\"https:\/\/www.alssport.es\/blog\/\",\"logo\":{\"@type\":\"ImageObject\",\"inLanguage\":\"es\",\"@id\":\"https:\/\/www.alssport.es\/blog\/#\/schema\/logo\/image\/\",\"url\":\"https:\/\/www.alssport.es\/blog\/wp-content\/uploads\/2022\/04\/als-fav.png\",\"contentUrl\":\"https:\/\/www.alssport.es\/blog\/wp-content\/uploads\/2022\/04\/als-fav.png\",\"width\":200,\"height\":200,\"caption\":\"Als Sport\"},\"image\":{\"@id\":\"https:\/\/www.alssport.es\/blog\/#\/schema\/logo\/image\/\"},\"sameAs\":[\"https:\/\/x.com\/als_sport_es\",\"https:\/\/www.instagram.com\/als_sport\/\",\"https:\/\/www.youtube.com\/c\/alssportesgr\"]},{\"@type\":\"Person\",\"@id\":\"https:\/\/www.alssport.es\/blog\/#\/schema\/person\/fe1597db8f8a6b2bb995f2e2f237aa2e\",\"name\":\"Marketing\",\"image\":{\"@type\":\"ImageObject\",\"inLanguage\":\"es\",\"@id\":\"https:\/\/www.alssport.es\/blog\/#\/schema\/person\/image\/\",\"url\":\"https:\/\/secure.gravatar.com\/avatar\/8e544daf2acf8bf1ea61b3afe14a9aff?s=96&d=mm&r=g\",\"contentUrl\":\"https:\/\/secure.gravatar.com\/avatar\/8e544daf2acf8bf1ea61b3afe14a9aff?s=96&d=mm&r=g\",\"caption\":\"Marketing\"}}]}<\/script>\n<!-- \/ Yoast SEO plugin. -->","yoast_head_json":{"title":"Mundial de Trail Running Canfranc Pirineos 2025: entrevista a Andreu Blanes | ALS Sport","description":"Hemos podido hablar con Andreu Blanes y nos ha contado su punto de vista de cara al pr\u00f3ximo Mundial Trail Running Canfranc 2025.","robots":{"index":"index","follow":"follow","max-snippet":"max-snippet:-1","max-image-preview":"max-image-preview:large","max-video-preview":"max-video-preview:-1"},"canonical":"https:\/\/www.alssport.es\/blog\/mundial-de-trail-running-canfranc-pirineos-2025-entrevista-a-andreu-blanes\/","og_locale":"es_ES","og_type":"article","og_title":"Mundial de Trail Running Canfranc Pirineos 2025: entrevista a Andreu Blanes | ALS Sport","og_description":"Hemos podido hablar con Andreu Blanes y nos ha contado su punto de vista de cara al pr\u00f3ximo Mundial Trail Running Canfranc 2025.","og_url":"https:\/\/www.alssport.es\/blog\/mundial-de-trail-running-canfranc-pirineos-2025-entrevista-a-andreu-blanes\/","og_site_name":"ALS Sport","article_published_time":"2024-12-19T10:43:15+00:00","article_modified_time":"2024-12-19T10:43:16+00:00","og_image":[{"width":1849,"height":1086,"url":"https:\/\/www.alssport.es\/blog\/wp-content\/uploads\/2024\/12\/19-12-BLOG-CAMPEONATO-DEL-MUNDO-TRAIL-RUNNING-compressed.jpg","type":"image\/jpeg"}],"author":"Marketing","twitter_card":"summary_large_image","twitter_creator":"@als_sport_es","twitter_site":"@als_sport_es","twitter_misc":{"Escrito por":"Marketing","Tiempo de lectura":"4 minutos"},"schema":{"@context":"https:\/\/schema.org","@graph":[{"@type":"NewsArticle","@id":"https:\/\/www.alssport.es\/blog\/mundial-de-trail-running-canfranc-pirineos-2025-entrevista-a-andreu-blanes\/#article","isPartOf":{"@id":"https:\/\/www.alssport.es\/blog\/mundial-de-trail-running-canfranc-pirineos-2025-entrevista-a-andreu-blanes\/"},"author":{"name":"Marketing","@id":"https:\/\/www.alssport.es\/blog\/#\/schema\/person\/fe1597db8f8a6b2bb995f2e2f237aa2e"},"headline":"Mundial de Trail Running Canfranc Pirineos 2025: entrevista a Andreu Blanes","datePublished":"2024-12-19T10:43:15+00:00","dateModified":"2024-12-19T10:43:16+00:00","mainEntityOfPage":{"@id":"https:\/\/www.alssport.es\/blog\/mundial-de-trail-running-canfranc-pirineos-2025-entrevista-a-andreu-blanes\/"},"wordCount":791,"publisher":{"@id":"https:\/\/www.alssport.es\/blog\/#organization"},"image":{"@id":"https:\/\/www.alssport.es\/blog\/mundial-de-trail-running-canfranc-pirineos-2025-entrevista-a-andreu-blanes\/#primaryimage"},"thumbnailUrl":"https:\/\/www.alssport.es\/blog\/wp-content\/uploads\/2024\/12\/19-12-BLOG-CAMPEONATO-DEL-MUNDO-TRAIL-RUNNING-compressed.jpg","keywords":["Mundial trail running","Trail running"],"articleSection":["Eventos"],"inLanguage":"es","copyrightYear":"2024","copyrightHolder":{"@id":"https:\/\/www.alssport.es\/blog\/#organization"}},{"@type":["WebPage","ItemPage"],"@id":"https:\/\/www.alssport.es\/blog\/mundial-de-trail-running-canfranc-pirineos-2025-entrevista-a-andreu-blanes\/","url":"https:\/\/www.alssport.es\/blog\/mundial-de-trail-running-canfranc-pirineos-2025-entrevista-a-andreu-blanes\/","name":"Mundial de Trail Running Canfranc Pirineos 2025: entrevista a Andreu Blanes | ALS Sport","isPartOf":{"@id":"https:\/\/www.alssport.es\/blog\/#website"},"primaryImageOfPage":{"@id":"https:\/\/www.alssport.es\/blog\/mundial-de-trail-running-canfranc-pirineos-2025-entrevista-a-andreu-blanes\/#primaryimage"},"image":{"@id":"https:\/\/www.alssport.es\/blog\/mundial-de-trail-running-canfranc-pirineos-2025-entrevista-a-andreu-blanes\/#primaryimage"},"thumbnailUrl":"https:\/\/www.alssport.es\/blog\/wp-content\/uploads\/2024\/12\/19-12-BLOG-CAMPEONATO-DEL-MUNDO-TRAIL-RUNNING-compressed.jpg","datePublished":"2024-12-19T10:43:15+00:00","dateModified":"2024-12-19T10:43:16+00:00","description":"Hemos podido hablar con Andreu Blanes y nos ha contado su punto de vista de cara al pr\u00f3ximo Mundial Trail Running Canfranc 2025.","breadcrumb":{"@id":"https:\/\/www.alssport.es\/blog\/mundial-de-trail-running-canfranc-pirineos-2025-entrevista-a-andreu-blanes\/#breadcrumb"},"inLanguage":"es","potentialAction":[{"@type":"ReadAction","target":["https:\/\/www.alssport.es\/blog\/mundial-de-trail-running-canfranc-pirineos-2025-entrevista-a-andreu-blanes\/"]}]},{"@type":"ImageObject","inLanguage":"es","@id":"https:\/\/www.alssport.es\/blog\/mundial-de-trail-running-canfranc-pirineos-2025-entrevista-a-andreu-blanes\/#primaryimage","url":"https:\/\/www.alssport.es\/blog\/wp-content\/uploads\/2024\/12\/19-12-BLOG-CAMPEONATO-DEL-MUNDO-TRAIL-RUNNING-compressed.jpg","contentUrl":"https:\/\/www.alssport.es\/blog\/wp-content\/uploads\/2024\/12\/19-12-BLOG-CAMPEONATO-DEL-MUNDO-TRAIL-RUNNING-compressed.jpg","width":1849,"height":1086},{"@type":"BreadcrumbList","@id":"https:\/\/www.alssport.es\/blog\/mundial-de-trail-running-canfranc-pirineos-2025-entrevista-a-andreu-blanes\/#breadcrumb","itemListElement":[{"@type":"ListItem","position":1,"name":"Portada","item":"https:\/\/www.alssport.es\/blog\/"},{"@type":"ListItem","position":2,"name":"Mundial de Trail Running Canfranc Pirineos 2025: entrevista a Andreu Blanes"}]},{"@type":"WebSite","@id":"https:\/\/www.alssport.es\/blog\/#website","url":"https:\/\/www.alssport.es\/blog\/","name":"Als Sport","description":"Descubre nuestros consejos para mejorar tu rendimiento, reviews de las mejores zapatillas running y la cobertura de los eventos exclusivos para corredores.","publisher":{"@id":"https:\/\/www.alssport.es\/blog\/#organization"},"potentialAction":[{"@type":"SearchAction","target":{"@type":"EntryPoint","urlTemplate":"https:\/\/www.alssport.es\/blog\/?s={search_term_string}"},"query-input":{"@type":"PropertyValueSpecification","valueRequired":true,"valueName":"search_term_string"}}],"inLanguage":"es"},{"@type":"Organization","@id":"https:\/\/www.alssport.es\/blog\/#organization","name":"Als Sport","url":"https:\/\/www.alssport.es\/blog\/","logo":{"@type":"ImageObject","inLanguage":"es","@id":"https:\/\/www.alssport.es\/blog\/#\/schema\/logo\/image\/","url":"https:\/\/www.alssport.es\/blog\/wp-content\/uploads\/2022\/04\/als-fav.png","contentUrl":"https:\/\/www.alssport.es\/blog\/wp-content\/uploads\/2022\/04\/als-fav.png","width":200,"height":200,"caption":"Als Sport"},"image":{"@id":"https:\/\/www.alssport.es\/blog\/#\/schema\/logo\/image\/"},"sameAs":["https:\/\/x.com\/als_sport_es","https:\/\/www.instagram.com\/als_sport\/","https:\/\/www.youtube.com\/c\/alssportesgr"]},{"@type":"Person","@id":"https:\/\/www.alssport.es\/blog\/#\/schema\/person\/fe1597db8f8a6b2bb995f2e2f237aa2e","name":"Marketing","image":{"@type":"ImageObject","inLanguage":"es","@id":"https:\/\/www.alssport.es\/blog\/#\/schema\/person\/image\/","url":"https:\/\/secure.gravatar.com\/avatar\/8e544daf2acf8bf1ea61b3afe14a9aff?s=96&d=mm&r=g","contentUrl":"https:\/\/secure.gravatar.com\/avatar\/8e544daf2acf8bf1ea61b3afe14a9aff?s=96&d=mm&r=g","caption":"Marketing"}}]}},"_links":{"self":[{"href":"https:\/\/www.alssport.es\/blog\/wp-json\/wp\/v2\/posts\/17215"}],"collection":[{"href":"https:\/\/www.alssport.es\/blog\/wp-json\/wp\/v2\/posts"}],"about":[{"href":"https:\/\/www.alssport.es\/blog\/wp-json\/wp\/v2\/types\/post"}],"author":[{"embeddable":true,"href":"https:\/\/www.alssport.es\/blog\/wp-json\/wp\/v2\/users\/6"}],"replies":[{"embeddable":true,"href":"https:\/\/www.alssport.es\/blog\/wp-json\/wp\/v2\/comments?post=17215"}],"version-history":[{"count":2,"href":"https:\/\/www.alssport.es\/blog\/wp-json\/wp\/v2\/posts\/17215\/revisions"}],"predecessor-version":[{"id":17221,"href":"https:\/\/www.alssport.es\/blog\/wp-json\/wp\/v2\/posts\/17215\/revisions\/17221"}],"wp:featuredmedia":[{"embeddable":true,"href":"https:\/\/www.alssport.es\/blog\/wp-json\/wp\/v2\/media\/17218"}],"wp:attachment":[{"href":"https:\/\/www.alssport.es\/blog\/wp-json\/wp\/v2\/media?parent=17215"}],"wp:term":[{"taxonomy":"category","embeddable":true,"href":"https:\/\/www.alssport.es\/blog\/wp-json\/wp\/v2\/categories?post=17215"},{"taxonomy":"post_tag","embeddable":true,"href":"https:\/\/www.alssport.es\/blog\/wp-json\/wp\/v2\/tags?post=17215"}],"curies":[{"name":"wp","href":"https:\/\/api.w.org\/{rel}","templated":true}]}}