{"id":17392,"date":"2025-01-13T13:44:01","date_gmt":"2025-01-13T12:44:01","guid":{"rendered":"https:\/\/www.alssport.es\/blog\/?p=17392"},"modified":"2025-01-13T13:44:01","modified_gmt":"2025-01-13T12:44:01","slug":"cronica-10k-valencia","status":"publish","type":"post","link":"https:\/\/www.alssport.es\/blog\/cronica-10k-valencia\/","title":{"rendered":"Cr\u00f3nica 10k Valencia"},"content":{"rendered":"<div id=\"pl-17392\"  class=\"panel-layout\" ><div id=\"pg-17392-0\"  class=\"panel-grid panel-no-style\" ><div id=\"pgc-17392-0-0\"  class=\"panel-grid-cell\" ><div id=\"panel-17392-0-0-0\" class=\"so-panel widget widget_sow-editor panel-first-child panel-last-child\" data-index=\"0\" ><div\n\t\t\t\n\t\t\tclass=\"so-widget-sow-editor so-widget-sow-editor-base\"\n\t\t\t\n\t\t>\n<div class=\"siteorigin-widget-tinymce textwidget\">\n\t<p><span style=\"font-weight: 400;\">\u00a1<\/span><b>Valencia <\/b><span style=\"font-weight: 400;\">sigue siendo sin\u00f3nimo de r\u00e9cords!<\/span><\/p>\n<p><span style=\"font-weight: 400;\">Este pasado domingo 12 de enero se disput\u00f3, en <\/span><b>la Ciudad del Running<\/b><span style=\"font-weight: 400;\">,<\/span> <span style=\"font-weight: 400;\">el <\/span><a href=\"https:\/\/10kvalencia.com\/\"><b>10K de Valencia<\/b><\/a> <span style=\"font-weight: 400;\">y no defraud\u00f3 a nadie en cuanto a resultados.<\/span><\/p>\n<p><span style=\"font-weight: 400;\">Con un circuito <\/span><b>completamente <\/b><span style=\"font-weight: 400;\">llano y pensado para que los y las velocistas m\u00e1s explosivos del atletismo rompan el crono, la carrera de <\/span><b>10 kil\u00f3metros m\u00e1s r\u00e1pida del mundo <\/b><span style=\"font-weight: 400;\">tuvo lugar apenas un mes despu\u00e9s de la disputa de la <\/span><b>Marat\u00f3n de Valencia<\/b><span style=\"font-weight: 400;\">.<\/span><\/p>\n<p><a href=\"https:\/\/www.alssport.es\/blog\/maraton-de-valencia\/\"><span style=\"font-weight: 400;\">Esto te puede interesar&gt;Cr\u00f3nica Marat\u00f3n de Valencia<\/span><\/a><\/p>\n<p><span style=\"font-weight: 400;\">Al ritmo del polifac\u00e9tico DJ <\/span><b>Chimo Bayo <\/b><span style=\"font-weight: 400;\">se daba la salida de una prueba que reuni\u00f3 a <\/span><b>15.000 <\/b><span style=\"font-weight: 400;\">atletas profesionales y deportistas de \u00e9lite.<\/span><\/p>\n<p><span style=\"font-weight: 400;\">Las condiciones atmosf\u00e9ricas que suelen acompa\u00f1ar de forma brillante las carreras en l\u00ednea de la ciudad de Valencia, en esta ocasi\u00f3n quisieron hacer la vida un poco m\u00e1s complicada a una prueba intensa de por s\u00ed.<\/span><\/p>\n<p><span style=\"font-weight: 400;\">El viento fue un protagonista destacado desde el principio de la prueba con lo que se har\u00eda complicado poder volver a pensar en rebajar <\/span><b>r\u00e9cords del mundo <\/b><span style=\"font-weight: 400;\">como ha venido sucediendo en ediciones anteriores.<\/span><\/p>\n<p>&nbsp;<\/p>\n<div id=\"ez-toc-container\" class=\"ez-toc-v2_0_69_1 counter-hierarchy ez-toc-counter ez-toc-custom ez-toc-container-direction\">\n<div class=\"ez-toc-title-container\">\n<p class=\"ez-toc-title\" style=\"cursor:inherit\">Contenidos del Art\u00edculo<\/p>\n<span class=\"ez-toc-title-toggle\"><a href=\"#\" class=\"ez-toc-pull-right ez-toc-btn ez-toc-btn-xs ez-toc-btn-default ez-toc-toggle\" aria-label=\"Toggle Table of Content\"><span class=\"ez-toc-js-icon-con\"><span class=\"\"><span class=\"eztoc-hide\" style=\"display:none;\">Toggle<\/span><span class=\"ez-toc-icon-toggle-span\"><svg style=\"fill: #999;color:#999\" xmlns=\"http:\/\/www.w3.org\/2000\/svg\" class=\"list-377408\" width=\"20px\" height=\"20px\" viewBox=\"0 0 24 24\" fill=\"none\"><path d=\"M6 6H4v2h2V6zm14 0H8v2h12V6zM4 11h2v2H4v-2zm16 0H8v2h12v-2zM4 16h2v2H4v-2zm16 0H8v2h12v-2z\" fill=\"currentColor\"><\/path><\/svg><svg style=\"fill: #999;color:#999\" class=\"arrow-unsorted-368013\" xmlns=\"http:\/\/www.w3.org\/2000\/svg\" width=\"10px\" height=\"10px\" viewBox=\"0 0 24 24\" version=\"1.2\" baseProfile=\"tiny\"><path d=\"M18.2 9.3l-6.2-6.3-6.2 6.3c-.2.2-.3.4-.3.7s.1.5.3.7c.2.2.4.3.7.3h11c.3 0 .5-.1.7-.3.2-.2.3-.5.3-.7s-.1-.5-.3-.7zM5.8 14.7l6.2 6.3 6.2-6.3c.2-.2.3-.5.3-.7s-.1-.5-.3-.7c-.2-.2-.4-.3-.7-.3h-11c-.3 0-.5.1-.7.3-.2.2-.3.5-.3.7s.1.5.3.7z\"\/><\/svg><\/span><\/span><\/span><\/a><\/span><\/div>\n<nav><ul class='ez-toc-list ez-toc-list-level-1 eztoc-toggle-hide-by-default' ><li class='ez-toc-page-1 ez-toc-heading-level-2'><a class=\"ez-toc-link ez-toc-heading-1\" href=\"https:\/\/www.alssport.es\/blog\/cronica-10k-valencia\/#Los_atletas_corrieron_a_una_velocidad_de_vertigo\" title=\"Los atletas corrieron a una velocidad de v\u00e9rtigo\">Los atletas corrieron a una velocidad de v\u00e9rtigo<\/a><\/li><li class='ez-toc-page-1 ez-toc-heading-level-2'><a class=\"ez-toc-link ez-toc-heading-2\" href=\"https:\/\/www.alssport.es\/blog\/cronica-10k-valencia\/#%C2%BFQuien_gano\" title=\"\u00bfQui\u00e9n gan\u00f3?\">\u00bfQui\u00e9n gan\u00f3?<\/a><\/li><\/ul><\/nav><\/div>\n<h2><span class=\"ez-toc-section\" id=\"Los_atletas_corrieron_a_una_velocidad_de_vertigo\"><\/span><span style=\"font-weight: 400;\">Los atletas corrieron a una velocidad de v\u00e9rtigo<\/span><span class=\"ez-toc-section-end\"><\/span><\/h2>\n<p><span style=\"font-weight: 400;\">Los y las atletas \u00e9lite dieron lo mejor que ten\u00edan en sus piernas y volaron. Vaya si volaron sobre el asfalto de las calles valencianas. No se lograr\u00edan r\u00e9cords del mundo pero s\u00ed que tuvimos marcas realmente destacadas al cruzar la l\u00ednea de meta.<\/span><\/p>\n<p><span style=\"font-weight: 400;\">Y es que se batieron los <\/span><b>r\u00e9cords de Espa\u00f1a <\/b><span style=\"font-weight: 400;\">y <\/span><b>Europa masculinos <\/b><span style=\"font-weight: 400;\">de <\/span><b>10K<\/b><span style=\"font-weight: 400;\"> con unas marcas que caen a\u00f1o tras a\u00f1o en el asfalto valenciano. En esta prueba no hay piedad con los y las atletas que corrieron el a\u00f1o anterior: siempre se corre tanto que acaban cayendo las plusmarcas una tras otra.<\/span><\/p>\n<\/div>\n<\/div><\/div><\/div><\/div><div id=\"pg-17392-1\"  class=\"panel-grid panel-no-style\" ><div id=\"pgc-17392-1-0\"  class=\"panel-grid-cell\" ><div id=\"panel-17392-1-0-0\" class=\"so-panel widget widget_sow-image panel-first-child panel-last-child\" data-index=\"1\" ><div\n\t\t\t\n\t\t\tclass=\"so-widget-sow-image so-widget-sow-image-default-8b5b6f678277-17392\"\n\t\t\t\n\t\t>\n\n<div class=\"sow-image-container\">\n\t\t\t<a href=\"https:\/\/10kvalencia.com\/el-10k-valencia-se-corona-con-los-records-masculinos-de-europa-y-de-espana\/\"\n\t\t\t\t\t>\n\t\t\t<img decoding=\"async\" src=\"https:\/\/www.alssport.es\/blog\/wp-content\/uploads\/2025\/01\/Ganador-10K-1024x794-2-compressed.jpg\" width=\"1024\" height=\"794\" title=\"Ganador 10K Valencia 2025\" alt=\"\" \t\tclass=\"so-widget-image\"\/>\n\t<\/a><\/div>\n\n<\/div><\/div><\/div><\/div><div id=\"pg-17392-2\"  class=\"panel-grid panel-no-style\" ><div id=\"pgc-17392-2-0\"  class=\"panel-grid-cell\" ><div id=\"panel-17392-2-0-0\" class=\"so-panel widget widget_sow-editor panel-first-child panel-last-child\" data-index=\"2\" ><div\n\t\t\t\n\t\t\tclass=\"so-widget-sow-editor so-widget-sow-editor-base\"\n\t\t\t\n\t\t>\n<div class=\"siteorigin-widget-tinymce textwidget\">\n\t<h2><span class=\"ez-toc-section\" id=\"%C2%BFQuien_gano\"><\/span><span style=\"font-weight: 400;\">\u00bfQui\u00e9n gan\u00f3?<\/span><span class=\"ez-toc-section-end\"><\/span><\/h2>\n<p><span style=\"font-weight: 400;\">Vamos a ponernos manos a la obra con los resultados que sabemos que os gustan los datos y saber qui\u00e9n gan\u00f3 y con qu\u00e9 marcas se lograron los r\u00e9cords en este <\/span><b>10k de Valencia<\/b><span style=\"font-weight: 400;\">.<\/span><\/p>\n<p><span style=\"font-weight: 400;\">La victoria de la prueba y tambi\u00e9n el <\/span><b>r\u00e9cord de Europa <\/b><span style=\"font-weight: 400;\">en <\/span><b>categor\u00eda masculina <\/b><span style=\"font-weight: 400;\">quedaron en manos del sueco <\/span><b>Andreas Almgren <\/b><span style=\"font-weight: 400;\">cruzando la l\u00ednea de meta en un bestial <\/span><b>26\u201953\u201d<\/b><span style=\"font-weight: 400;\">. En el podium le acompa\u00f1aron <\/span><b>Dominic Lobalu <\/b><span style=\"font-weight: 400;\">y <\/span><b>Vincent Langat <\/b><span style=\"font-weight: 400;\">despu\u00e9s de haber disputado un emocionante sprint para alcanzar la meta.<\/span><\/p>\n<p><a href=\"https:\/\/www.alssport.es\/blog\/cronica-medio-maraton-valencia\/\"><span style=\"font-weight: 400;\">Esto te puede interesar&gt;Cr\u00f3nica Medio Marat\u00f3n Valencia<\/span><\/a><\/p>\n<p><span style=\"font-weight: 400;\">En la categor\u00eda femenina no hemos disfrutado de r\u00e9cords pero s\u00ed de una carrera muy r\u00e1pida y disputada en todo momento. Al final la victoria ser\u00eda para la atleta de Kenia<\/span><b> Hellen Ekalale <\/b><span style=\"font-weight: 400;\">con una marca de <\/span><b>29\u201930\u201d <\/b><span style=\"font-weight: 400;\">seguida de las et\u00edopes <\/span><b>Girmawit Gebru <\/b><span style=\"font-weight: 400;\">(<\/span><b>29\u201934\u201d<\/b><span style=\"font-weight: 400;\">) y <\/span><b>Foyten Tesfay <\/b><span style=\"font-weight: 400;\">(<\/span><b>29\u201942\u201d<\/b><span style=\"font-weight: 400;\">).<\/span><\/p>\n<p><span style=\"font-weight: 400;\">Tambi\u00e9n tuvimos un <\/span><i><span style=\"font-weight: 400;\">marc\u00f3n <\/span><\/i><span style=\"font-weight: 400;\">en el apartado masculino de la mano del atleta espa\u00f1ol <\/span><b>Ilias Fifa <\/b><span style=\"font-weight: 400;\">quien con un <\/span><b>27\u201941\u201d <\/b><span style=\"font-weight: 400;\">que cruz\u00f3 la meta como primer espa\u00f1ol destrozando el anterior <\/span><b>r\u00e9cord de Espa\u00f1a<\/b><span style=\"font-weight: 400;\">. La primera espa\u00f1ola en alcanzar la llegada fue <\/span><b>Alicia Berzosa <\/b><span style=\"font-weight: 400;\">con un tiempo de <\/span><b>32\u201907\u201d<\/b><span style=\"font-weight: 400;\">.<\/span><\/p>\n<p><span style=\"font-weight: 400;\">Al final cruzaron la meta m\u00e1s de 13.000 corredores y corredoras populares en una de esas pruebas que no pueden faltar en tu calendario running si quieres hacer una <\/span><b>mejor marca personal <\/b><span style=\"font-weight: 400;\">en las mejores condiciones.<\/span><\/p>\n<p><span style=\"font-weight: 400;\">\u00bfEstuviste corriendo por Valencia? \u00a1Cu\u00e9ntanos tu experiencia en una carrera ya m\u00edtica!<\/span><\/p>\n<\/div>\n<\/div><\/div><\/div><\/div><\/div>","protected":false},"excerpt":{"rendered":"<p>\u00a1Valencia sigue siendo sin\u00f3nimo de r\u00e9cords! Este pasado domingo 12 de enero se disput\u00f3, en la Ciudad del Running, el 10K de Valencia y no defraud\u00f3 a nadie en cuanto a resultados. Con un circuito completamente llano y pensado para [&hellip;]<\/p>\n","protected":false},"author":6,"featured_media":17395,"comment_status":"closed","ping_status":"closed","sticky":false,"template":"","format":"standard","meta":{"_uf_show_specific_survey":0,"_uf_disable_surveys":false,"footnotes":""},"categories":[3],"tags":[1164],"class_list":["post-17392","post","type-post","status-publish","format-standard","has-post-thumbnail","hentry","category-eventos","tag-10k-valencia"],"yoast_head":"<!-- This site is optimized with the Yoast SEO plugin v25.6 - https:\/\/yoast.com\/wordpress\/plugins\/seo\/ -->\n<title>Cr\u00f3nica 10k Valencia | ALS Sport<\/title>\n<meta name=\"description\" content=\"No pod\u00edamos perdernos el 10K Valencia que se confirma como la carrera de 10k m\u00e1s r\u00e1pida del mundo. Lee nuestra cr\u00f3nica.\" \/>\n<meta name=\"robots\" content=\"index, follow, max-snippet:-1, max-image-preview:large, max-video-preview:-1\" \/>\n<link rel=\"canonical\" href=\"https:\/\/www.alssport.es\/blog\/cronica-10k-valencia\/\" \/>\n<meta property=\"og:locale\" content=\"es_ES\" \/>\n<meta property=\"og:type\" content=\"article\" \/>\n<meta property=\"og:title\" content=\"Cr\u00f3nica 10k Valencia | ALS Sport\" \/>\n<meta property=\"og:description\" content=\"No pod\u00edamos perdernos el 10K Valencia que se confirma como la carrera de 10k m\u00e1s r\u00e1pida del mundo. Lee nuestra cr\u00f3nica.\" \/>\n<meta property=\"og:url\" content=\"https:\/\/www.alssport.es\/blog\/cronica-10k-valencia\/\" \/>\n<meta property=\"og:site_name\" content=\"ALS Sport\" \/>\n<meta property=\"article:published_time\" content=\"2025-01-13T12:44:01+00:00\" \/>\n<meta property=\"og:image\" content=\"https:\/\/www.alssport.es\/blog\/wp-content\/uploads\/2025\/01\/13-01-BLOG-CRONICA-10K-VALENCIA-compressed.jpg\" \/>\n\t<meta property=\"og:image:width\" content=\"1920\" \/>\n\t<meta property=\"og:image:height\" content=\"1122\" \/>\n\t<meta property=\"og:image:type\" content=\"image\/jpeg\" \/>\n<meta name=\"author\" content=\"Marketing\" \/>\n<meta name=\"twitter:card\" content=\"summary_large_image\" \/>\n<meta name=\"twitter:creator\" content=\"@als_sport_es\" \/>\n<meta name=\"twitter:site\" content=\"@als_sport_es\" \/>\n<meta name=\"twitter:label1\" content=\"Escrito por\" \/>\n\t<meta name=\"twitter:data1\" content=\"Marketing\" \/>\n\t<meta name=\"twitter:label2\" content=\"Tiempo de lectura\" \/>\n\t<meta name=\"twitter:data2\" content=\"3 minutos\" \/>\n<script type=\"application\/ld+json\" class=\"yoast-schema-graph\">{\"@context\":\"https:\/\/schema.org\",\"@graph\":[{\"@type\":\"NewsArticle\",\"@id\":\"https:\/\/www.alssport.es\/blog\/cronica-10k-valencia\/#article\",\"isPartOf\":{\"@id\":\"https:\/\/www.alssport.es\/blog\/cronica-10k-valencia\/\"},\"author\":{\"name\":\"Marketing\",\"@id\":\"https:\/\/www.alssport.es\/blog\/#\/schema\/person\/fe1597db8f8a6b2bb995f2e2f237aa2e\"},\"headline\":\"Cr\u00f3nica 10k Valencia\",\"datePublished\":\"2025-01-13T12:44:01+00:00\",\"mainEntityOfPage\":{\"@id\":\"https:\/\/www.alssport.es\/blog\/cronica-10k-valencia\/\"},\"wordCount\":583,\"publisher\":{\"@id\":\"https:\/\/www.alssport.es\/blog\/#organization\"},\"image\":{\"@id\":\"https:\/\/www.alssport.es\/blog\/cronica-10k-valencia\/#primaryimage\"},\"thumbnailUrl\":\"https:\/\/www.alssport.es\/blog\/wp-content\/uploads\/2025\/01\/13-01-BLOG-CRONICA-10K-VALENCIA-compressed.jpg\",\"keywords\":[\"10K Valencia\"],\"articleSection\":[\"Eventos\"],\"inLanguage\":\"es\",\"copyrightYear\":\"2025\",\"copyrightHolder\":{\"@id\":\"https:\/\/www.alssport.es\/blog\/#organization\"}},{\"@type\":[\"WebPage\",\"ItemPage\"],\"@id\":\"https:\/\/www.alssport.es\/blog\/cronica-10k-valencia\/\",\"url\":\"https:\/\/www.alssport.es\/blog\/cronica-10k-valencia\/\",\"name\":\"Cr\u00f3nica 10k Valencia | ALS Sport\",\"isPartOf\":{\"@id\":\"https:\/\/www.alssport.es\/blog\/#website\"},\"primaryImageOfPage\":{\"@id\":\"https:\/\/www.alssport.es\/blog\/cronica-10k-valencia\/#primaryimage\"},\"image\":{\"@id\":\"https:\/\/www.alssport.es\/blog\/cronica-10k-valencia\/#primaryimage\"},\"thumbnailUrl\":\"https:\/\/www.alssport.es\/blog\/wp-content\/uploads\/2025\/01\/13-01-BLOG-CRONICA-10K-VALENCIA-compressed.jpg\",\"datePublished\":\"2025-01-13T12:44:01+00:00\",\"description\":\"No pod\u00edamos perdernos el 10K Valencia que se confirma como la carrera de 10k m\u00e1s r\u00e1pida del mundo. Lee nuestra cr\u00f3nica.\",\"breadcrumb\":{\"@id\":\"https:\/\/www.alssport.es\/blog\/cronica-10k-valencia\/#breadcrumb\"},\"inLanguage\":\"es\",\"potentialAction\":[{\"@type\":\"ReadAction\",\"target\":[\"https:\/\/www.alssport.es\/blog\/cronica-10k-valencia\/\"]}]},{\"@type\":\"ImageObject\",\"inLanguage\":\"es\",\"@id\":\"https:\/\/www.alssport.es\/blog\/cronica-10k-valencia\/#primaryimage\",\"url\":\"https:\/\/www.alssport.es\/blog\/wp-content\/uploads\/2025\/01\/13-01-BLOG-CRONICA-10K-VALENCIA-compressed.jpg\",\"contentUrl\":\"https:\/\/www.alssport.es\/blog\/wp-content\/uploads\/2025\/01\/13-01-BLOG-CRONICA-10K-VALENCIA-compressed.jpg\",\"width\":1920,\"height\":1122},{\"@type\":\"BreadcrumbList\",\"@id\":\"https:\/\/www.alssport.es\/blog\/cronica-10k-valencia\/#breadcrumb\",\"itemListElement\":[{\"@type\":\"ListItem\",\"position\":1,\"name\":\"Portada\",\"item\":\"https:\/\/www.alssport.es\/blog\/\"},{\"@type\":\"ListItem\",\"position\":2,\"name\":\"Cr\u00f3nica 10k Valencia\"}]},{\"@type\":\"WebSite\",\"@id\":\"https:\/\/www.alssport.es\/blog\/#website\",\"url\":\"https:\/\/www.alssport.es\/blog\/\",\"name\":\"Als Sport\",\"description\":\"Descubre nuestros consejos para mejorar tu rendimiento, reviews de las mejores zapatillas running y la cobertura de los eventos exclusivos para corredores.\",\"publisher\":{\"@id\":\"https:\/\/www.alssport.es\/blog\/#organization\"},\"potentialAction\":[{\"@type\":\"SearchAction\",\"target\":{\"@type\":\"EntryPoint\",\"urlTemplate\":\"https:\/\/www.alssport.es\/blog\/?s={search_term_string}\"},\"query-input\":{\"@type\":\"PropertyValueSpecification\",\"valueRequired\":true,\"valueName\":\"search_term_string\"}}],\"inLanguage\":\"es\"},{\"@type\":\"Organization\",\"@id\":\"https:\/\/www.alssport.es\/blog\/#organization\",\"name\":\"Als Sport\",\"url\":\"https:\/\/www.alssport.es\/blog\/\",\"logo\":{\"@type\":\"ImageObject\",\"inLanguage\":\"es\",\"@id\":\"https:\/\/www.alssport.es\/blog\/#\/schema\/logo\/image\/\",\"url\":\"https:\/\/www.alssport.es\/blog\/wp-content\/uploads\/2022\/04\/als-fav.png\",\"contentUrl\":\"https:\/\/www.alssport.es\/blog\/wp-content\/uploads\/2022\/04\/als-fav.png\",\"width\":200,\"height\":200,\"caption\":\"Als Sport\"},\"image\":{\"@id\":\"https:\/\/www.alssport.es\/blog\/#\/schema\/logo\/image\/\"},\"sameAs\":[\"https:\/\/x.com\/als_sport_es\",\"https:\/\/www.instagram.com\/als_sport\/\",\"https:\/\/www.youtube.com\/c\/alssportesgr\"]},{\"@type\":\"Person\",\"@id\":\"https:\/\/www.alssport.es\/blog\/#\/schema\/person\/fe1597db8f8a6b2bb995f2e2f237aa2e\",\"name\":\"Marketing\",\"image\":{\"@type\":\"ImageObject\",\"inLanguage\":\"es\",\"@id\":\"https:\/\/www.alssport.es\/blog\/#\/schema\/person\/image\/\",\"url\":\"https:\/\/secure.gravatar.com\/avatar\/8e544daf2acf8bf1ea61b3afe14a9aff?s=96&d=mm&r=g\",\"contentUrl\":\"https:\/\/secure.gravatar.com\/avatar\/8e544daf2acf8bf1ea61b3afe14a9aff?s=96&d=mm&r=g\",\"caption\":\"Marketing\"}}]}<\/script>\n<!-- \/ Yoast SEO plugin. -->","yoast_head_json":{"title":"Cr\u00f3nica 10k Valencia | ALS Sport","description":"No pod\u00edamos perdernos el 10K Valencia que se confirma como la carrera de 10k m\u00e1s r\u00e1pida del mundo. Lee nuestra cr\u00f3nica.","robots":{"index":"index","follow":"follow","max-snippet":"max-snippet:-1","max-image-preview":"max-image-preview:large","max-video-preview":"max-video-preview:-1"},"canonical":"https:\/\/www.alssport.es\/blog\/cronica-10k-valencia\/","og_locale":"es_ES","og_type":"article","og_title":"Cr\u00f3nica 10k Valencia | ALS Sport","og_description":"No pod\u00edamos perdernos el 10K Valencia que se confirma como la carrera de 10k m\u00e1s r\u00e1pida del mundo. Lee nuestra cr\u00f3nica.","og_url":"https:\/\/www.alssport.es\/blog\/cronica-10k-valencia\/","og_site_name":"ALS Sport","article_published_time":"2025-01-13T12:44:01+00:00","og_image":[{"width":1920,"height":1122,"url":"https:\/\/www.alssport.es\/blog\/wp-content\/uploads\/2025\/01\/13-01-BLOG-CRONICA-10K-VALENCIA-compressed.jpg","type":"image\/jpeg"}],"author":"Marketing","twitter_card":"summary_large_image","twitter_creator":"@als_sport_es","twitter_site":"@als_sport_es","twitter_misc":{"Escrito por":"Marketing","Tiempo de lectura":"3 minutos"},"schema":{"@context":"https:\/\/schema.org","@graph":[{"@type":"NewsArticle","@id":"https:\/\/www.alssport.es\/blog\/cronica-10k-valencia\/#article","isPartOf":{"@id":"https:\/\/www.alssport.es\/blog\/cronica-10k-valencia\/"},"author":{"name":"Marketing","@id":"https:\/\/www.alssport.es\/blog\/#\/schema\/person\/fe1597db8f8a6b2bb995f2e2f237aa2e"},"headline":"Cr\u00f3nica 10k Valencia","datePublished":"2025-01-13T12:44:01+00:00","mainEntityOfPage":{"@id":"https:\/\/www.alssport.es\/blog\/cronica-10k-valencia\/"},"wordCount":583,"publisher":{"@id":"https:\/\/www.alssport.es\/blog\/#organization"},"image":{"@id":"https:\/\/www.alssport.es\/blog\/cronica-10k-valencia\/#primaryimage"},"thumbnailUrl":"https:\/\/www.alssport.es\/blog\/wp-content\/uploads\/2025\/01\/13-01-BLOG-CRONICA-10K-VALENCIA-compressed.jpg","keywords":["10K Valencia"],"articleSection":["Eventos"],"inLanguage":"es","copyrightYear":"2025","copyrightHolder":{"@id":"https:\/\/www.alssport.es\/blog\/#organization"}},{"@type":["WebPage","ItemPage"],"@id":"https:\/\/www.alssport.es\/blog\/cronica-10k-valencia\/","url":"https:\/\/www.alssport.es\/blog\/cronica-10k-valencia\/","name":"Cr\u00f3nica 10k Valencia | ALS Sport","isPartOf":{"@id":"https:\/\/www.alssport.es\/blog\/#website"},"primaryImageOfPage":{"@id":"https:\/\/www.alssport.es\/blog\/cronica-10k-valencia\/#primaryimage"},"image":{"@id":"https:\/\/www.alssport.es\/blog\/cronica-10k-valencia\/#primaryimage"},"thumbnailUrl":"https:\/\/www.alssport.es\/blog\/wp-content\/uploads\/2025\/01\/13-01-BLOG-CRONICA-10K-VALENCIA-compressed.jpg","datePublished":"2025-01-13T12:44:01+00:00","description":"No pod\u00edamos perdernos el 10K Valencia que se confirma como la carrera de 10k m\u00e1s r\u00e1pida del mundo. Lee nuestra cr\u00f3nica.","breadcrumb":{"@id":"https:\/\/www.alssport.es\/blog\/cronica-10k-valencia\/#breadcrumb"},"inLanguage":"es","potentialAction":[{"@type":"ReadAction","target":["https:\/\/www.alssport.es\/blog\/cronica-10k-valencia\/"]}]},{"@type":"ImageObject","inLanguage":"es","@id":"https:\/\/www.alssport.es\/blog\/cronica-10k-valencia\/#primaryimage","url":"https:\/\/www.alssport.es\/blog\/wp-content\/uploads\/2025\/01\/13-01-BLOG-CRONICA-10K-VALENCIA-compressed.jpg","contentUrl":"https:\/\/www.alssport.es\/blog\/wp-content\/uploads\/2025\/01\/13-01-BLOG-CRONICA-10K-VALENCIA-compressed.jpg","width":1920,"height":1122},{"@type":"BreadcrumbList","@id":"https:\/\/www.alssport.es\/blog\/cronica-10k-valencia\/#breadcrumb","itemListElement":[{"@type":"ListItem","position":1,"name":"Portada","item":"https:\/\/www.alssport.es\/blog\/"},{"@type":"ListItem","position":2,"name":"Cr\u00f3nica 10k Valencia"}]},{"@type":"WebSite","@id":"https:\/\/www.alssport.es\/blog\/#website","url":"https:\/\/www.alssport.es\/blog\/","name":"Als Sport","description":"Descubre nuestros consejos para mejorar tu rendimiento, reviews de las mejores zapatillas running y la cobertura de los eventos exclusivos para corredores.","publisher":{"@id":"https:\/\/www.alssport.es\/blog\/#organization"},"potentialAction":[{"@type":"SearchAction","target":{"@type":"EntryPoint","urlTemplate":"https:\/\/www.alssport.es\/blog\/?s={search_term_string}"},"query-input":{"@type":"PropertyValueSpecification","valueRequired":true,"valueName":"search_term_string"}}],"inLanguage":"es"},{"@type":"Organization","@id":"https:\/\/www.alssport.es\/blog\/#organization","name":"Als Sport","url":"https:\/\/www.alssport.es\/blog\/","logo":{"@type":"ImageObject","inLanguage":"es","@id":"https:\/\/www.alssport.es\/blog\/#\/schema\/logo\/image\/","url":"https:\/\/www.alssport.es\/blog\/wp-content\/uploads\/2022\/04\/als-fav.png","contentUrl":"https:\/\/www.alssport.es\/blog\/wp-content\/uploads\/2022\/04\/als-fav.png","width":200,"height":200,"caption":"Als Sport"},"image":{"@id":"https:\/\/www.alssport.es\/blog\/#\/schema\/logo\/image\/"},"sameAs":["https:\/\/x.com\/als_sport_es","https:\/\/www.instagram.com\/als_sport\/","https:\/\/www.youtube.com\/c\/alssportesgr"]},{"@type":"Person","@id":"https:\/\/www.alssport.es\/blog\/#\/schema\/person\/fe1597db8f8a6b2bb995f2e2f237aa2e","name":"Marketing","image":{"@type":"ImageObject","inLanguage":"es","@id":"https:\/\/www.alssport.es\/blog\/#\/schema\/person\/image\/","url":"https:\/\/secure.gravatar.com\/avatar\/8e544daf2acf8bf1ea61b3afe14a9aff?s=96&d=mm&r=g","contentUrl":"https:\/\/secure.gravatar.com\/avatar\/8e544daf2acf8bf1ea61b3afe14a9aff?s=96&d=mm&r=g","caption":"Marketing"}}]}},"_links":{"self":[{"href":"https:\/\/www.alssport.es\/blog\/wp-json\/wp\/v2\/posts\/17392"}],"collection":[{"href":"https:\/\/www.alssport.es\/blog\/wp-json\/wp\/v2\/posts"}],"about":[{"href":"https:\/\/www.alssport.es\/blog\/wp-json\/wp\/v2\/types\/post"}],"author":[{"embeddable":true,"href":"https:\/\/www.alssport.es\/blog\/wp-json\/wp\/v2\/users\/6"}],"replies":[{"embeddable":true,"href":"https:\/\/www.alssport.es\/blog\/wp-json\/wp\/v2\/comments?post=17392"}],"version-history":[{"count":3,"href":"https:\/\/www.alssport.es\/blog\/wp-json\/wp\/v2\/posts\/17392\/revisions"}],"predecessor-version":[{"id":17400,"href":"https:\/\/www.alssport.es\/blog\/wp-json\/wp\/v2\/posts\/17392\/revisions\/17400"}],"wp:featuredmedia":[{"embeddable":true,"href":"https:\/\/www.alssport.es\/blog\/wp-json\/wp\/v2\/media\/17395"}],"wp:attachment":[{"href":"https:\/\/www.alssport.es\/blog\/wp-json\/wp\/v2\/media?parent=17392"}],"wp:term":[{"taxonomy":"category","embeddable":true,"href":"https:\/\/www.alssport.es\/blog\/wp-json\/wp\/v2\/categories?post=17392"},{"taxonomy":"post_tag","embeddable":true,"href":"https:\/\/www.alssport.es\/blog\/wp-json\/wp\/v2\/tags?post=17392"}],"curies":[{"name":"wp","href":"https:\/\/api.w.org\/{rel}","templated":true}]}}