{"id":17855,"date":"2026-02-16T13:30:18","date_gmt":"2026-02-16T12:30:18","guid":{"rendered":"https:\/\/www.alssport.es\/blog\/?p=17855"},"modified":"2026-03-16T08:17:16","modified_gmt":"2026-03-16T07:17:16","slug":"cronica-media-maraton-barcelona","status":"publish","type":"post","link":"https:\/\/www.alssport.es\/blog\/cronica-media-maraton-barcelona\/","title":{"rendered":"Cr\u00f3nica Media Marat\u00f3n Barcelona 2026"},"content":{"rendered":"<div id=\"pl-17855\"  class=\"panel-layout\" ><div id=\"pg-17855-0\"  class=\"panel-grid panel-no-style\" ><div id=\"pgc-17855-0-0\"  class=\"panel-grid-cell\" ><div id=\"panel-17855-0-0-0\" class=\"so-panel widget widget_sow-editor panel-first-child panel-last-child\" data-index=\"0\" ><div\n\t\t\t\n\t\t\tclass=\"so-widget-sow-editor so-widget-sow-editor-base\"\n\t\t\t\n\t\t>\n<div class=\"siteorigin-widget-tinymce textwidget\">\n\t<p><span style=\"font-weight: 400;\">Nos encantan estos fines de semana llenos de ajetreo y actividad en el <\/span><i><span style=\"font-weight: 400;\">mundillo <\/span><\/i><span style=\"font-weight: 400;\">del <\/span><a href=\"https:\/\/www.alssport.es\/100-running\"><b>running<\/b><\/a><span style=\"font-weight: 400;\">.<\/span><\/p>\n<p><span style=\"font-weight: 400;\">Hemos disfrutado de una <\/span><b>Marat\u00f3n de Sevilla <\/b><span style=\"font-weight: 400;\">espectacular pero es que tambi\u00e9n hemos tenido la oportunidad de vivir la <\/span><b>Media Marat\u00f3n de Barcelona 2026<\/b><span style=\"font-weight: 400;\">.<\/span><\/p>\n<p><span style=\"font-weight: 400;\">Dividimos a nuestros equipos y esto es lo que disfrutaron en la <\/span><b>Ciudad Condal <\/b><span style=\"font-weight: 400;\">a golpe de zapatilla. Y a buen paso.<\/span><\/p>\n<p>&nbsp;<\/p>\n<div id=\"ez-toc-container\" class=\"ez-toc-v2_0_69_1 counter-hierarchy ez-toc-counter ez-toc-custom ez-toc-container-direction\">\n<div class=\"ez-toc-title-container\">\n<p class=\"ez-toc-title\" style=\"cursor:inherit\">Contenidos del Art\u00edculo<\/p>\n<span class=\"ez-toc-title-toggle\"><a href=\"#\" class=\"ez-toc-pull-right ez-toc-btn ez-toc-btn-xs ez-toc-btn-default ez-toc-toggle\" aria-label=\"Toggle Table of Content\"><span class=\"ez-toc-js-icon-con\"><span class=\"\"><span class=\"eztoc-hide\" style=\"display:none;\">Toggle<\/span><span class=\"ez-toc-icon-toggle-span\"><svg style=\"fill: #999;color:#999\" xmlns=\"http:\/\/www.w3.org\/2000\/svg\" class=\"list-377408\" width=\"20px\" height=\"20px\" viewBox=\"0 0 24 24\" fill=\"none\"><path d=\"M6 6H4v2h2V6zm14 0H8v2h12V6zM4 11h2v2H4v-2zm16 0H8v2h12v-2zM4 16h2v2H4v-2zm16 0H8v2h12v-2z\" fill=\"currentColor\"><\/path><\/svg><svg style=\"fill: #999;color:#999\" class=\"arrow-unsorted-368013\" xmlns=\"http:\/\/www.w3.org\/2000\/svg\" width=\"10px\" height=\"10px\" viewBox=\"0 0 24 24\" version=\"1.2\" baseProfile=\"tiny\"><path d=\"M18.2 9.3l-6.2-6.3-6.2 6.3c-.2.2-.3.4-.3.7s.1.5.3.7c.2.2.4.3.7.3h11c.3 0 .5-.1.7-.3.2-.2.3-.5.3-.7s-.1-.5-.3-.7zM5.8 14.7l6.2 6.3 6.2-6.3c.2-.2.3-.5.3-.7s-.1-.5-.3-.7c-.2-.2-.4-.3-.7-.3h-11c-.3 0-.5.1-.7.3-.2.2-.3.5-.3.7s.1.5.3.7z\"\/><\/svg><\/span><\/span><\/span><\/a><\/span><\/div>\n<nav><ul class='ez-toc-list ez-toc-list-level-1 eztoc-toggle-hide-by-default' ><li class='ez-toc-page-1 ez-toc-heading-level-2'><a class=\"ez-toc-link ez-toc-heading-1\" href=\"https:\/\/www.alssport.es\/blog\/cronica-media-maraton-barcelona\/#Una_Media_Maraton_para_la_historia\" title=\"Una Media Marat\u00f3n para la historia\">Una Media Marat\u00f3n para la historia<\/a><\/li><li class='ez-toc-page-1 ez-toc-heading-level-2'><a class=\"ez-toc-link ez-toc-heading-2\" href=\"https:\/\/www.alssport.es\/blog\/cronica-media-maraton-barcelona\/#Una_carrera_rapida\" title=\"Una carrera r\u00e1pida\">Una carrera r\u00e1pida<\/a><\/li><\/ul><\/nav><\/div>\n<h2><span class=\"ez-toc-section\" id=\"Una_Media_Maraton_para_la_historia\"><\/span><span style=\"font-weight: 400;\">Una Media Marat\u00f3n para la historia<\/span><span class=\"ez-toc-section-end\"><\/span><\/h2>\n<p><span style=\"font-weight: 400;\">Si un recuerdo nos va a dejar esta espectacular <\/span><a href=\"https:\/\/www.mitjamarato.barcelona\/es\/\"><b>Media Marat\u00f3n de Barcelona 2026<\/b><\/a> <span style=\"font-weight: 400;\">es que sus n\u00fameros han sido de r\u00e9cord.\u00a0<\/span><\/p>\n<p><span style=\"font-weight: 400;\">Cada a\u00f1o m\u00e1s y m\u00e1s <\/span><b>runners <\/b><span style=\"font-weight: 400;\">de todo el mundo quieren disfrutar de conocer una de las ciudades m\u00e1s visitadas del mundo. Hacer turismo y competir en el mismo paquete es un caramelo muy goloso y atractivo.<\/span><\/p>\n<p><a href=\"https:\/\/www.alssport.es\/blog\/consejos-para-afrontar-tu-primera-media-maraton\/\"><span style=\"font-weight: 400;\">Esto te puede interesar&gt;Consejos para afrontar tu primera media marat\u00f3n<\/span><\/a><\/p>\n<p><span style=\"font-weight: 400;\">Hasta <\/span><b>36.000 corredores <\/b><span style=\"font-weight: 400;\">y <\/span><b>corredoras <\/b><span style=\"font-weight: 400;\">de multitud de nacionalidades formaron parte de una carrera divertida, espectacular y s\u00ed: tambi\u00e9n muy r\u00e1pida. De hecho se trata de la edici\u00f3n con <\/span><b>mayor participaci\u00f3n femenina de la historia<\/b><span style=\"font-weight: 400;\">: m\u00e1s de <\/span><b>14.000 <\/b><span style=\"font-weight: 400;\">corredoras se dieron cita por las calles de <\/span><b>Barcelona<\/b><span style=\"font-weight: 400;\"> haciendo la<\/span> <a href=\"https:\/\/www.alssport.es\/893-media-maraton\"><b>media marat\u00f3n.<\/b><\/a><\/p>\n<p><span style=\"font-weight: 400;\">El clima acompa\u00f1aba despu\u00e9s de varios <\/span><i><span style=\"font-weight: 400;\">sustos <\/span><\/i><span style=\"font-weight: 400;\">con la meteorolog\u00eda y el viento as\u00ed que estaba todo listo para correr a toda velocidad en un circuito fant\u00e1stico.<\/span><\/p>\n<p>&nbsp;<\/p>\n<h2><span class=\"ez-toc-section\" id=\"Una_carrera_rapida\"><\/span><span style=\"font-weight: 400;\">Una carrera r\u00e1pida<\/span><span class=\"ez-toc-section-end\"><\/span><\/h2>\n<p><span style=\"font-weight: 400;\">Si nos centramos en los resultados de los y las atletas de \u00e9lite, podemos decirte que tuvimos una gran participaci\u00f3n aunque no se bati\u00f3 el r\u00e9cord masculino de la prueba pero s\u00ed que se consigui\u00f3 en la prueba femenina.<\/span><\/p>\n<p><span style=\"font-weight: 400;\">El corredor de <\/span><b>Etiop\u00eda Hagos Gebrhiwet <\/b><span style=\"font-weight: 400;\">cruz\u00f3 la l\u00ednea de llegada con un destacado tiempo de <\/span><b>58\u201904\u201d<\/b><span style=\"font-weight: 400;\"> y terminar\u00eda la prueba en solitario siendo acompa\u00f1ado, en el podio, por <\/span><b>Dominic Lobalu <\/b><span style=\"font-weight: 400;\">de <\/span><b>Sud\u00e1n <\/b><span style=\"font-weight: 400;\">y el <\/span><b>franc\u00e9s Emmanuel Roudolff <\/b><span style=\"font-weight: 400;\">que completar\u00eda la tripleta.<\/span><\/p>\n<p><a href=\"https:\/\/www.alssport.es\/blog\/cronica-medio-maraton-valencia-2\/\"><span style=\"font-weight: 400;\">Esto te puede interesar&gt;Cr\u00f3nica Medio Marat\u00f3n Valencia<\/span><\/a><\/p>\n<p><span style=\"font-weight: 400;\">Donde s\u00ed que se rompi\u00f3 el crono fue en la prueba femenina en la que la atleta de <\/span><b>Kenia Loice Chemnung <\/b><span style=\"font-weight: 400;\">que parar\u00eda el tiempo al cruzar la meta en <\/span><b>1h04\u201901\u201d<\/b><span style=\"font-weight: 400;\">. Casi dos minutos m\u00e1s r\u00e1pida que la anterior marca. Al podio la acompa\u00f1aron <\/span><b>Weine Kelati<\/b><span style=\"font-weight: 400;\">, de <\/span><b>USA <\/b><span style=\"font-weight: 400;\">y <\/span><b>Diniya Abaraya <\/b><span style=\"font-weight: 400;\">de <\/span><b>Etiop\u00eda<\/b><span style=\"font-weight: 400;\">. La estadounidense bati\u00f3 el r\u00e9cord de su pa\u00eds con un tiempo de <\/span><b>1h06\u201903\u201d<\/b><span style=\"font-weight: 400;\">.<\/span><\/p>\n<p><span style=\"font-weight: 400;\">La verdad es que disfrutamos a lo grande de un fin de semanas de carreras que nos dejaron un buen sabor de boca.<\/span><\/p>\n<p><span style=\"font-weight: 400;\">\u00bfTe animaste a debutar en <\/span><b>Barcelona<\/b><span style=\"font-weight: 400;\">? \u00bfConseguiste mejorar tus marcas? \u00a1Cu\u00e9ntanos tu experiencia!<\/span><\/p>\n<\/div>\n<\/div><\/div><\/div><\/div><\/div>","protected":false},"excerpt":{"rendered":"<p>Nos encantan estos fines de semana llenos de ajetreo y actividad en el mundillo del running. Hemos disfrutado de una Marat\u00f3n de Sevilla espectacular pero es que tambi\u00e9n hemos tenido la oportunidad de vivir la Media Marat\u00f3n de Barcelona 2026. [&hellip;]<\/p>\n","protected":false},"author":6,"featured_media":21667,"comment_status":"closed","ping_status":"closed","sticky":false,"template":"","format":"standard","meta":{"_uf_show_specific_survey":0,"_uf_disable_surveys":false,"footnotes":""},"categories":[3],"tags":[75,90],"class_list":["post-17855","post","type-post","status-publish","format-standard","has-post-thumbnail","hentry","category-eventos","tag-media-maraton","tag-running"],"yoast_head":"<!-- This site is optimized with the Yoast SEO plugin v25.6 - https:\/\/yoast.com\/wordpress\/plugins\/seo\/ -->\n<title>Cr\u00f3nica Media Marat\u00f3n Barcelona 2026 | ALS Sport<\/title>\n<meta name=\"description\" content=\"Este finde tambi\u00e9n estuvimos en la Mitja Barcelona de la mano de Brooks disfrutando de una carrera de r\u00e9cords.\u00a1Te la contamos en el blog!\" \/>\n<meta name=\"robots\" content=\"index, follow, max-snippet:-1, max-image-preview:large, max-video-preview:-1\" \/>\n<link rel=\"canonical\" href=\"https:\/\/www.alssport.es\/blog\/cronica-media-maraton-barcelona\/\" \/>\n<meta property=\"og:locale\" content=\"es_ES\" \/>\n<meta property=\"og:type\" content=\"article\" \/>\n<meta property=\"og:title\" content=\"Cr\u00f3nica Media Marat\u00f3n Barcelona 2026 | ALS Sport\" \/>\n<meta property=\"og:description\" content=\"Este finde tambi\u00e9n estuvimos en la Mitja Barcelona de la mano de Brooks disfrutando de una carrera de r\u00e9cords.\u00a1Te la contamos en el blog!\" \/>\n<meta property=\"og:url\" content=\"https:\/\/www.alssport.es\/blog\/cronica-media-maraton-barcelona\/\" \/>\n<meta property=\"og:site_name\" content=\"ALS Sport\" \/>\n<meta property=\"article:published_time\" content=\"2026-02-16T12:30:18+00:00\" \/>\n<meta property=\"article:modified_time\" content=\"2026-03-16T07:17:16+00:00\" \/>\n<meta property=\"og:image\" content=\"https:\/\/www.alssport.es\/blog\/wp-content\/uploads\/2025\/02\/16-02-BLOG-CRONICA-MEDIO-MARATON-BARCELONA-compressed.jpg\" \/>\n\t<meta property=\"og:image:width\" content=\"1920\" \/>\n\t<meta property=\"og:image:height\" content=\"1122\" \/>\n\t<meta property=\"og:image:type\" content=\"image\/jpeg\" \/>\n<meta name=\"author\" content=\"Marketing\" \/>\n<meta name=\"twitter:card\" content=\"summary_large_image\" \/>\n<meta name=\"twitter:creator\" content=\"@als_sport_es\" \/>\n<meta name=\"twitter:site\" content=\"@als_sport_es\" \/>\n<meta name=\"twitter:label1\" content=\"Escrito por\" \/>\n\t<meta name=\"twitter:data1\" content=\"Marketing\" \/>\n\t<meta name=\"twitter:label2\" content=\"Tiempo de lectura\" \/>\n\t<meta name=\"twitter:data2\" content=\"3 minutos\" \/>\n<script type=\"application\/ld+json\" class=\"yoast-schema-graph\">{\"@context\":\"https:\/\/schema.org\",\"@graph\":[{\"@type\":\"NewsArticle\",\"@id\":\"https:\/\/www.alssport.es\/blog\/cronica-media-maraton-barcelona\/#article\",\"isPartOf\":{\"@id\":\"https:\/\/www.alssport.es\/blog\/cronica-media-maraton-barcelona\/\"},\"author\":{\"name\":\"Marketing\",\"@id\":\"https:\/\/www.alssport.es\/blog\/#\/schema\/person\/fe1597db8f8a6b2bb995f2e2f237aa2e\"},\"headline\":\"Cr\u00f3nica Media Marat\u00f3n Barcelona 2026\",\"datePublished\":\"2026-02-16T12:30:18+00:00\",\"dateModified\":\"2026-03-16T07:17:16+00:00\",\"mainEntityOfPage\":{\"@id\":\"https:\/\/www.alssport.es\/blog\/cronica-media-maraton-barcelona\/\"},\"wordCount\":457,\"publisher\":{\"@id\":\"https:\/\/www.alssport.es\/blog\/#organization\"},\"image\":{\"@id\":\"https:\/\/www.alssport.es\/blog\/cronica-media-maraton-barcelona\/#primaryimage\"},\"thumbnailUrl\":\"https:\/\/www.alssport.es\/blog\/wp-content\/uploads\/2025\/02\/16-02-BLOG-CRONICA-MEDIO-MARATON-BARCELONA-compressed.jpg\",\"keywords\":[\"Media Marat\u00f3n\",\"Running\"],\"articleSection\":[\"Eventos\"],\"inLanguage\":\"es\",\"copyrightYear\":\"2026\",\"copyrightHolder\":{\"@id\":\"https:\/\/www.alssport.es\/blog\/#organization\"}},{\"@type\":[\"WebPage\",\"ItemPage\"],\"@id\":\"https:\/\/www.alssport.es\/blog\/cronica-media-maraton-barcelona\/\",\"url\":\"https:\/\/www.alssport.es\/blog\/cronica-media-maraton-barcelona\/\",\"name\":\"Cr\u00f3nica Media Marat\u00f3n Barcelona 2026 | ALS Sport\",\"isPartOf\":{\"@id\":\"https:\/\/www.alssport.es\/blog\/#website\"},\"primaryImageOfPage\":{\"@id\":\"https:\/\/www.alssport.es\/blog\/cronica-media-maraton-barcelona\/#primaryimage\"},\"image\":{\"@id\":\"https:\/\/www.alssport.es\/blog\/cronica-media-maraton-barcelona\/#primaryimage\"},\"thumbnailUrl\":\"https:\/\/www.alssport.es\/blog\/wp-content\/uploads\/2025\/02\/16-02-BLOG-CRONICA-MEDIO-MARATON-BARCELONA-compressed.jpg\",\"datePublished\":\"2026-02-16T12:30:18+00:00\",\"dateModified\":\"2026-03-16T07:17:16+00:00\",\"description\":\"Este finde tambi\u00e9n estuvimos en la Mitja Barcelona de la mano de Brooks disfrutando de una carrera de r\u00e9cords.\u00a1Te la contamos en el blog!\",\"breadcrumb\":{\"@id\":\"https:\/\/www.alssport.es\/blog\/cronica-media-maraton-barcelona\/#breadcrumb\"},\"inLanguage\":\"es\",\"potentialAction\":[{\"@type\":\"ReadAction\",\"target\":[\"https:\/\/www.alssport.es\/blog\/cronica-media-maraton-barcelona\/\"]}]},{\"@type\":\"ImageObject\",\"inLanguage\":\"es\",\"@id\":\"https:\/\/www.alssport.es\/blog\/cronica-media-maraton-barcelona\/#primaryimage\",\"url\":\"https:\/\/www.alssport.es\/blog\/wp-content\/uploads\/2025\/02\/16-02-BLOG-CRONICA-MEDIO-MARATON-BARCELONA-compressed.jpg\",\"contentUrl\":\"https:\/\/www.alssport.es\/blog\/wp-content\/uploads\/2025\/02\/16-02-BLOG-CRONICA-MEDIO-MARATON-BARCELONA-compressed.jpg\",\"width\":1920,\"height\":1122},{\"@type\":\"BreadcrumbList\",\"@id\":\"https:\/\/www.alssport.es\/blog\/cronica-media-maraton-barcelona\/#breadcrumb\",\"itemListElement\":[{\"@type\":\"ListItem\",\"position\":1,\"name\":\"Portada\",\"item\":\"https:\/\/www.alssport.es\/blog\/\"},{\"@type\":\"ListItem\",\"position\":2,\"name\":\"Cr\u00f3nica Media Marat\u00f3n Barcelona 2026\"}]},{\"@type\":\"WebSite\",\"@id\":\"https:\/\/www.alssport.es\/blog\/#website\",\"url\":\"https:\/\/www.alssport.es\/blog\/\",\"name\":\"Als Sport\",\"description\":\"Descubre nuestros consejos para mejorar tu rendimiento, reviews de las mejores zapatillas running y la cobertura de los eventos exclusivos para corredores.\",\"publisher\":{\"@id\":\"https:\/\/www.alssport.es\/blog\/#organization\"},\"potentialAction\":[{\"@type\":\"SearchAction\",\"target\":{\"@type\":\"EntryPoint\",\"urlTemplate\":\"https:\/\/www.alssport.es\/blog\/?s={search_term_string}\"},\"query-input\":{\"@type\":\"PropertyValueSpecification\",\"valueRequired\":true,\"valueName\":\"search_term_string\"}}],\"inLanguage\":\"es\"},{\"@type\":\"Organization\",\"@id\":\"https:\/\/www.alssport.es\/blog\/#organization\",\"name\":\"Als Sport\",\"url\":\"https:\/\/www.alssport.es\/blog\/\",\"logo\":{\"@type\":\"ImageObject\",\"inLanguage\":\"es\",\"@id\":\"https:\/\/www.alssport.es\/blog\/#\/schema\/logo\/image\/\",\"url\":\"https:\/\/www.alssport.es\/blog\/wp-content\/uploads\/2022\/04\/als-fav.png\",\"contentUrl\":\"https:\/\/www.alssport.es\/blog\/wp-content\/uploads\/2022\/04\/als-fav.png\",\"width\":200,\"height\":200,\"caption\":\"Als Sport\"},\"image\":{\"@id\":\"https:\/\/www.alssport.es\/blog\/#\/schema\/logo\/image\/\"},\"sameAs\":[\"https:\/\/x.com\/als_sport_es\",\"https:\/\/www.instagram.com\/als_sport\/\",\"https:\/\/www.youtube.com\/c\/alssportesgr\"]},{\"@type\":\"Person\",\"@id\":\"https:\/\/www.alssport.es\/blog\/#\/schema\/person\/fe1597db8f8a6b2bb995f2e2f237aa2e\",\"name\":\"Marketing\",\"image\":{\"@type\":\"ImageObject\",\"inLanguage\":\"es\",\"@id\":\"https:\/\/www.alssport.es\/blog\/#\/schema\/person\/image\/\",\"url\":\"https:\/\/secure.gravatar.com\/avatar\/8e544daf2acf8bf1ea61b3afe14a9aff?s=96&d=mm&r=g\",\"contentUrl\":\"https:\/\/secure.gravatar.com\/avatar\/8e544daf2acf8bf1ea61b3afe14a9aff?s=96&d=mm&r=g\",\"caption\":\"Marketing\"}}]}<\/script>\n<!-- \/ Yoast SEO plugin. -->","yoast_head_json":{"title":"Cr\u00f3nica Media Marat\u00f3n Barcelona 2026 | ALS Sport","description":"Este finde tambi\u00e9n estuvimos en la Mitja Barcelona de la mano de Brooks disfrutando de una carrera de r\u00e9cords.\u00a1Te la contamos en el blog!","robots":{"index":"index","follow":"follow","max-snippet":"max-snippet:-1","max-image-preview":"max-image-preview:large","max-video-preview":"max-video-preview:-1"},"canonical":"https:\/\/www.alssport.es\/blog\/cronica-media-maraton-barcelona\/","og_locale":"es_ES","og_type":"article","og_title":"Cr\u00f3nica Media Marat\u00f3n Barcelona 2026 | ALS Sport","og_description":"Este finde tambi\u00e9n estuvimos en la Mitja Barcelona de la mano de Brooks disfrutando de una carrera de r\u00e9cords.\u00a1Te la contamos en el blog!","og_url":"https:\/\/www.alssport.es\/blog\/cronica-media-maraton-barcelona\/","og_site_name":"ALS Sport","article_published_time":"2026-02-16T12:30:18+00:00","article_modified_time":"2026-03-16T07:17:16+00:00","og_image":[{"width":1920,"height":1122,"url":"https:\/\/www.alssport.es\/blog\/wp-content\/uploads\/2025\/02\/16-02-BLOG-CRONICA-MEDIO-MARATON-BARCELONA-compressed.jpg","type":"image\/jpeg"}],"author":"Marketing","twitter_card":"summary_large_image","twitter_creator":"@als_sport_es","twitter_site":"@als_sport_es","twitter_misc":{"Escrito por":"Marketing","Tiempo de lectura":"3 minutos"},"schema":{"@context":"https:\/\/schema.org","@graph":[{"@type":"NewsArticle","@id":"https:\/\/www.alssport.es\/blog\/cronica-media-maraton-barcelona\/#article","isPartOf":{"@id":"https:\/\/www.alssport.es\/blog\/cronica-media-maraton-barcelona\/"},"author":{"name":"Marketing","@id":"https:\/\/www.alssport.es\/blog\/#\/schema\/person\/fe1597db8f8a6b2bb995f2e2f237aa2e"},"headline":"Cr\u00f3nica Media Marat\u00f3n Barcelona 2026","datePublished":"2026-02-16T12:30:18+00:00","dateModified":"2026-03-16T07:17:16+00:00","mainEntityOfPage":{"@id":"https:\/\/www.alssport.es\/blog\/cronica-media-maraton-barcelona\/"},"wordCount":457,"publisher":{"@id":"https:\/\/www.alssport.es\/blog\/#organization"},"image":{"@id":"https:\/\/www.alssport.es\/blog\/cronica-media-maraton-barcelona\/#primaryimage"},"thumbnailUrl":"https:\/\/www.alssport.es\/blog\/wp-content\/uploads\/2025\/02\/16-02-BLOG-CRONICA-MEDIO-MARATON-BARCELONA-compressed.jpg","keywords":["Media Marat\u00f3n","Running"],"articleSection":["Eventos"],"inLanguage":"es","copyrightYear":"2026","copyrightHolder":{"@id":"https:\/\/www.alssport.es\/blog\/#organization"}},{"@type":["WebPage","ItemPage"],"@id":"https:\/\/www.alssport.es\/blog\/cronica-media-maraton-barcelona\/","url":"https:\/\/www.alssport.es\/blog\/cronica-media-maraton-barcelona\/","name":"Cr\u00f3nica Media Marat\u00f3n Barcelona 2026 | ALS Sport","isPartOf":{"@id":"https:\/\/www.alssport.es\/blog\/#website"},"primaryImageOfPage":{"@id":"https:\/\/www.alssport.es\/blog\/cronica-media-maraton-barcelona\/#primaryimage"},"image":{"@id":"https:\/\/www.alssport.es\/blog\/cronica-media-maraton-barcelona\/#primaryimage"},"thumbnailUrl":"https:\/\/www.alssport.es\/blog\/wp-content\/uploads\/2025\/02\/16-02-BLOG-CRONICA-MEDIO-MARATON-BARCELONA-compressed.jpg","datePublished":"2026-02-16T12:30:18+00:00","dateModified":"2026-03-16T07:17:16+00:00","description":"Este finde tambi\u00e9n estuvimos en la Mitja Barcelona de la mano de Brooks disfrutando de una carrera de r\u00e9cords.\u00a1Te la contamos en el blog!","breadcrumb":{"@id":"https:\/\/www.alssport.es\/blog\/cronica-media-maraton-barcelona\/#breadcrumb"},"inLanguage":"es","potentialAction":[{"@type":"ReadAction","target":["https:\/\/www.alssport.es\/blog\/cronica-media-maraton-barcelona\/"]}]},{"@type":"ImageObject","inLanguage":"es","@id":"https:\/\/www.alssport.es\/blog\/cronica-media-maraton-barcelona\/#primaryimage","url":"https:\/\/www.alssport.es\/blog\/wp-content\/uploads\/2025\/02\/16-02-BLOG-CRONICA-MEDIO-MARATON-BARCELONA-compressed.jpg","contentUrl":"https:\/\/www.alssport.es\/blog\/wp-content\/uploads\/2025\/02\/16-02-BLOG-CRONICA-MEDIO-MARATON-BARCELONA-compressed.jpg","width":1920,"height":1122},{"@type":"BreadcrumbList","@id":"https:\/\/www.alssport.es\/blog\/cronica-media-maraton-barcelona\/#breadcrumb","itemListElement":[{"@type":"ListItem","position":1,"name":"Portada","item":"https:\/\/www.alssport.es\/blog\/"},{"@type":"ListItem","position":2,"name":"Cr\u00f3nica Media Marat\u00f3n Barcelona 2026"}]},{"@type":"WebSite","@id":"https:\/\/www.alssport.es\/blog\/#website","url":"https:\/\/www.alssport.es\/blog\/","name":"Als Sport","description":"Descubre nuestros consejos para mejorar tu rendimiento, reviews de las mejores zapatillas running y la cobertura de los eventos exclusivos para corredores.","publisher":{"@id":"https:\/\/www.alssport.es\/blog\/#organization"},"potentialAction":[{"@type":"SearchAction","target":{"@type":"EntryPoint","urlTemplate":"https:\/\/www.alssport.es\/blog\/?s={search_term_string}"},"query-input":{"@type":"PropertyValueSpecification","valueRequired":true,"valueName":"search_term_string"}}],"inLanguage":"es"},{"@type":"Organization","@id":"https:\/\/www.alssport.es\/blog\/#organization","name":"Als Sport","url":"https:\/\/www.alssport.es\/blog\/","logo":{"@type":"ImageObject","inLanguage":"es","@id":"https:\/\/www.alssport.es\/blog\/#\/schema\/logo\/image\/","url":"https:\/\/www.alssport.es\/blog\/wp-content\/uploads\/2022\/04\/als-fav.png","contentUrl":"https:\/\/www.alssport.es\/blog\/wp-content\/uploads\/2022\/04\/als-fav.png","width":200,"height":200,"caption":"Als Sport"},"image":{"@id":"https:\/\/www.alssport.es\/blog\/#\/schema\/logo\/image\/"},"sameAs":["https:\/\/x.com\/als_sport_es","https:\/\/www.instagram.com\/als_sport\/","https:\/\/www.youtube.com\/c\/alssportesgr"]},{"@type":"Person","@id":"https:\/\/www.alssport.es\/blog\/#\/schema\/person\/fe1597db8f8a6b2bb995f2e2f237aa2e","name":"Marketing","image":{"@type":"ImageObject","inLanguage":"es","@id":"https:\/\/www.alssport.es\/blog\/#\/schema\/person\/image\/","url":"https:\/\/secure.gravatar.com\/avatar\/8e544daf2acf8bf1ea61b3afe14a9aff?s=96&d=mm&r=g","contentUrl":"https:\/\/secure.gravatar.com\/avatar\/8e544daf2acf8bf1ea61b3afe14a9aff?s=96&d=mm&r=g","caption":"Marketing"}}]}},"_links":{"self":[{"href":"https:\/\/www.alssport.es\/blog\/wp-json\/wp\/v2\/posts\/17855"}],"collection":[{"href":"https:\/\/www.alssport.es\/blog\/wp-json\/wp\/v2\/posts"}],"about":[{"href":"https:\/\/www.alssport.es\/blog\/wp-json\/wp\/v2\/types\/post"}],"author":[{"embeddable":true,"href":"https:\/\/www.alssport.es\/blog\/wp-json\/wp\/v2\/users\/6"}],"replies":[{"embeddable":true,"href":"https:\/\/www.alssport.es\/blog\/wp-json\/wp\/v2\/comments?post=17855"}],"version-history":[{"count":5,"href":"https:\/\/www.alssport.es\/blog\/wp-json\/wp\/v2\/posts\/17855\/revisions"}],"predecessor-version":[{"id":22030,"href":"https:\/\/www.alssport.es\/blog\/wp-json\/wp\/v2\/posts\/17855\/revisions\/22030"}],"wp:featuredmedia":[{"embeddable":true,"href":"https:\/\/www.alssport.es\/blog\/wp-json\/wp\/v2\/media\/21667"}],"wp:attachment":[{"href":"https:\/\/www.alssport.es\/blog\/wp-json\/wp\/v2\/media?parent=17855"}],"wp:term":[{"taxonomy":"category","embeddable":true,"href":"https:\/\/www.alssport.es\/blog\/wp-json\/wp\/v2\/categories?post=17855"},{"taxonomy":"post_tag","embeddable":true,"href":"https:\/\/www.alssport.es\/blog\/wp-json\/wp\/v2\/tags?post=17855"}],"curies":[{"name":"wp","href":"https:\/\/api.w.org\/{rel}","templated":true}]}}