{"id":23001,"date":"2026-04-27T11:20:49","date_gmt":"2026-04-27T09:20:49","guid":{"rendered":"https:\/\/www.alssport.es\/blog\/?p=23001"},"modified":"2026-04-27T14:23:08","modified_gmt":"2026-04-27T12:23:08","slug":"cronica-maraton-de-londres-2026-la-maraton-de-los-records","status":"publish","type":"post","link":"https:\/\/www.alssport.es\/blog\/cronica-maraton-de-londres-2026-la-maraton-de-los-records\/","title":{"rendered":"Cr\u00f3nica Marat\u00f3n de Londres 2026: la marat\u00f3n de los records"},"content":{"rendered":"<div id=\"pl-23001\"  class=\"panel-layout\" ><div id=\"pg-23001-0\"  class=\"panel-grid panel-no-style\" ><div id=\"pgc-23001-0-0\"  class=\"panel-grid-cell\" ><div id=\"panel-23001-0-0-0\" class=\"so-panel widget widget_sow-editor panel-first-child panel-last-child\" data-index=\"0\" ><div\n\t\t\t\n\t\t\tclass=\"so-widget-sow-editor so-widget-sow-editor-base\"\n\t\t\t\n\t\t>\n<div class=\"siteorigin-widget-tinymce textwidget\">\n\t<p><span style=\"font-weight: 400;\">Menudo fin de semana de emociones fuertes hemos vivido.<\/span><\/p>\n<p><span style=\"font-weight: 400;\">Lo que cre\u00edamos <\/span><b>imposible <\/b><span style=\"font-weight: 400;\">ha sucedido. Y, adem\u00e1s, casi por partida doble.<\/span><\/p>\n<p><span style=\"font-weight: 400;\">Han ca\u00eddo, en la misma carrera, los <\/span><b>r\u00e9cords del mundo de <\/b><a href=\"https:\/\/elpais.com\/deportes\/2026-04-26\/sawe-es-el-primer-hombre-de-la-historia-en-bajar-de-las-dos-horas-en-un-maraton.html\"><b>marat\u00f3n<\/b><\/a><span style=\"font-weight: 400;\">.<\/span><\/p>\n<p><span style=\"font-weight: 400;\">El escenario ten\u00eda que ser de leyenda y as\u00ed ha sido: en la <\/span><a href=\"https:\/\/www.olympics.com\/es\/noticias\/maraton-londres-2026-resultados-tiempos-clasificacion\"><b>marat\u00f3n de Londres<\/b><\/a><span style=\"font-weight: 400;\">.<\/span><\/p>\n<p>&nbsp;<\/p>\n<div id=\"ez-toc-container\" class=\"ez-toc-v2_0_69_1 counter-hierarchy ez-toc-counter ez-toc-custom ez-toc-container-direction\">\n<div class=\"ez-toc-title-container\">\n<p class=\"ez-toc-title\" style=\"cursor:inherit\">Contenidos del Art\u00edculo<\/p>\n<span class=\"ez-toc-title-toggle\"><a href=\"#\" class=\"ez-toc-pull-right ez-toc-btn ez-toc-btn-xs ez-toc-btn-default ez-toc-toggle\" aria-label=\"Toggle Table of Content\"><span class=\"ez-toc-js-icon-con\"><span class=\"\"><span class=\"eztoc-hide\" style=\"display:none;\">Toggle<\/span><span class=\"ez-toc-icon-toggle-span\"><svg style=\"fill: #999;color:#999\" xmlns=\"http:\/\/www.w3.org\/2000\/svg\" class=\"list-377408\" width=\"20px\" height=\"20px\" viewBox=\"0 0 24 24\" fill=\"none\"><path d=\"M6 6H4v2h2V6zm14 0H8v2h12V6zM4 11h2v2H4v-2zm16 0H8v2h12v-2zM4 16h2v2H4v-2zm16 0H8v2h12v-2z\" fill=\"currentColor\"><\/path><\/svg><svg style=\"fill: #999;color:#999\" class=\"arrow-unsorted-368013\" xmlns=\"http:\/\/www.w3.org\/2000\/svg\" width=\"10px\" height=\"10px\" viewBox=\"0 0 24 24\" version=\"1.2\" baseProfile=\"tiny\"><path d=\"M18.2 9.3l-6.2-6.3-6.2 6.3c-.2.2-.3.4-.3.7s.1.5.3.7c.2.2.4.3.7.3h11c.3 0 .5-.1.7-.3.2-.2.3-.5.3-.7s-.1-.5-.3-.7zM5.8 14.7l6.2 6.3 6.2-6.3c.2-.2.3-.5.3-.7s-.1-.5-.3-.7c-.2-.2-.4-.3-.7-.3h-11c-.3 0-.5.1-.7.3-.2.2-.3.5-.3.7s.1.5.3.7z\"\/><\/svg><\/span><\/span><\/span><\/a><\/span><\/div>\n<nav><ul class='ez-toc-list ez-toc-list-level-1 eztoc-toggle-hide-by-default' ><ul class='ez-toc-list-level-2' ><li class='ez-toc-heading-level-2'><a class=\"ez-toc-link ez-toc-heading-1\" href=\"https:\/\/www.alssport.es\/blog\/cronica-maraton-de-londres-2026-la-maraton-de-los-records\/#La_maraton_de_los_records\" title=\"La marat\u00f3n de los r\u00e9cords\">La marat\u00f3n de los r\u00e9cords<\/a><\/li><\/ul><\/li><li class='ez-toc-page-1 ez-toc-heading-level-1'><a class=\"ez-toc-link ez-toc-heading-2\" href=\"https:\/\/www.alssport.es\/blog\/cronica-maraton-de-londres-2026-la-maraton-de-los-records\/#Un_dia_para_la_historia\" title=\"Un d\u00eda para la historia\">Un d\u00eda para la historia<\/a><ul class='ez-toc-list-level-3' ><li class='ez-toc-heading-level-3'><ul class='ez-toc-list-level-3' ><li class='ez-toc-heading-level-3'><a class=\"ez-toc-link ez-toc-heading-3\" href=\"https:\/\/www.alssport.es\/blog\/cronica-maraton-de-londres-2026-la-maraton-de-los-records\/#%C2%A1Por_primera_vez_se_corrio_por_debajo_de_2h_una_maraton\" title=\"\u00a1Por primera vez se corri\u00f3 por debajo de 2h una marat\u00f3n!\">\u00a1Por primera vez se corri\u00f3 por debajo de 2h una marat\u00f3n!<\/a><\/li><\/ul><\/li><\/ul><\/li><\/ul><\/nav><\/div>\n<h2><span class=\"ez-toc-section\" id=\"La_maraton_de_los_records\"><\/span><span style=\"font-weight: 400;\">La marat\u00f3n de los r\u00e9cords<\/span><span class=\"ez-toc-section-end\"><\/span><\/h2>\n<p><span style=\"font-weight: 400;\">Una de las ciudades m\u00e1s ic\u00f3nicas del mundo, <\/span><b>Londres<\/b><span style=\"font-weight: 400;\">, tiene desde hace d\u00e9cadas una de las <\/span><b>maratones m\u00e1s ic\u00f3nicas <\/b><span style=\"font-weight: 400;\">del mundo. Por derecho propio.<\/span><\/p>\n<p><span style=\"font-weight: 400;\">Una carrera que, cada a\u00f1o, re\u00fane a gente de todo el planeta para completar una muesca m\u00e1s del <\/span><b>circuito majors <\/b><span style=\"font-weight: 400;\">con las maratones m\u00e1s top de todas.<\/span><\/p>\n<p><a href=\"https:\/\/www.alssport.es\/blog\/cronica-maraton-barcelona-2026\/\"><span style=\"font-weight: 400;\">Esto te puede interesar&gt;Cr\u00f3nica Marat\u00f3n Barcelona 2026<\/span><\/a><\/p>\n<p><span style=\"font-weight: 400;\">Adem\u00e1s de ser un im\u00e1n para corredores y corredoras populares de decenas de pa\u00edses tambi\u00e9n es un <\/span><i><span style=\"font-weight: 400;\">objetivo goloso <\/span><\/i><span style=\"font-weight: 400;\">para la \u00e9lite del running mundial por lo atractivo de sus premios y por lo llano de su recorrido.<\/span><\/p>\n<p><span style=\"font-weight: 400;\">Qu\u00e9 manera de fomentar velocidades de v\u00e9rtigo en carrera, han logrado en la <\/span><b>Marat\u00f3n de Londres<\/b><span style=\"font-weight: 400;\">.<\/span><\/p>\n<p><span style=\"font-weight: 400;\">Tanto que se ha logrado, en la misma carrera, pulverizar las mejores marcas de la historia en categor\u00eda masculina y en categor\u00eda femenina.<\/span><\/p>\n<\/div>\n<\/div><\/div><\/div><\/div><div id=\"pg-23001-1\"  class=\"panel-grid panel-no-style\" ><div id=\"pgc-23001-1-0\"  class=\"panel-grid-cell\" ><div id=\"panel-23001-1-0-0\" class=\"so-panel widget widget_sow-image panel-first-child panel-last-child\" data-index=\"1\" ><div\n\t\t\t\n\t\t\tclass=\"so-widget-sow-image so-widget-sow-image-default-8b5b6f678277-23001\"\n\t\t\t\n\t\t>\n\n<div class=\"sow-image-container\">\n\t\t\t<a href=\"https:\/\/www.alssport.es\/895-maraton\"\n\t\t\t\t\t>\n\t\t\t<img decoding=\"async\" src=\"https:\/\/www.alssport.es\/blog\/wp-content\/uploads\/2026\/04\/84de1fce-db95-4c68-b0b5-4d71bee436f2_alta-libre-aspect-ratio_default_0_x512y205.jpg\" width=\"1200\" height=\"722\" title=\"Blog Cr\u00f3nica Marat\u00f3n de Londres 2026\" alt=\"\" \t\tclass=\"so-widget-image\"\/>\n\t<\/a><\/div>\n\n<\/div><\/div><\/div><\/div><div id=\"pg-23001-2\"  class=\"panel-grid panel-no-style\" ><div id=\"pgc-23001-2-0\"  class=\"panel-grid-cell\" ><div id=\"panel-23001-2-0-0\" class=\"so-panel widget widget_sow-editor panel-first-child panel-last-child\" data-index=\"2\" ><div\n\t\t\t\n\t\t\tclass=\"so-widget-sow-editor so-widget-sow-editor-base\"\n\t\t\t\n\t\t>\n<div class=\"siteorigin-widget-tinymce textwidget\">\n\t<h1><span class=\"ez-toc-section\" id=\"Un_dia_para_la_historia\"><\/span><span style=\"font-weight: 400;\">Un d\u00eda para la historia<\/span><span class=\"ez-toc-section-end\"><\/span><\/h1>\n<p><span style=\"font-weight: 400;\">Nuestro compa\u00f1ero <\/span><b>Yasin <\/b><span style=\"font-weight: 400;\">tuvo la oportunidad de ser nuestro corresponsal en <\/span><b>The City <\/b><span style=\"font-weight: 400;\">para contarnos lo que se vivi\u00f3 all\u00ed y, adem\u00e1s de codearse con el mism\u00edsimo <\/span><b>Usain Bolt <\/b><span style=\"font-weight: 400;\">estuvo en primera l\u00ednea para disfrutar algo que recordar\u00e1 para siempre.<\/span><\/p>\n<h3><span class=\"ez-toc-section\" id=\"%C2%A1Por_primera_vez_se_corrio_por_debajo_de_2h_una_maraton\"><\/span><span style=\"font-weight: 400;\">\u00a1Por primera vez se corri\u00f3 por debajo de 2h una marat\u00f3n!<\/span><span class=\"ez-toc-section-end\"><\/span><\/h3>\n<p><span style=\"font-weight: 400;\">Se dice <\/span><i><span style=\"font-weight: 400;\">r\u00e1pido y f\u00e1cil <\/span><\/i><span style=\"font-weight: 400;\">pero era una de las marcas m\u00edticas que quedaban por romper en los libros deportivos.\u00a0<\/span><\/p>\n<p><span style=\"font-weight: 400;\">Los \u00faltimos a\u00f1os nos \u00edbamos acercando, poco a poco, a esa barrera, pero nunca se daba el momento o, cuando se logr\u00f3, pues no estaba homologado por una serie de condiciones controvertidas en el proyecto de <\/span><b>Kipchoge<\/b><span style=\"font-weight: 400;\">.<\/span><\/p>\n<p><span style=\"font-weight: 400;\">Este domingo se reunieron todas las condiciones para romper los r\u00e9cords femenino y, sobre todo bajar de esas m\u00edticas dos horas.<\/span><\/p>\n<p><a href=\"https:\/\/www.alssport.es\/blog\/cronica-maraton-de-sevilla\/\"><span style=\"font-weight: 400;\">Esto te puede interesar&gt;Cr\u00f3nica Marat\u00f3n de Sevilla 2026<\/span><\/a><\/p>\n<p><span style=\"font-weight: 400;\">Y no una vez si no dos. Los dos primeros atletas que cruzaron la meta de la <\/span><b>Marat\u00f3n de Londres <\/b><span style=\"font-weight: 400;\">llegaron por debajo de esa marca de leyenda: el keniano <\/span><a href=\"https:\/\/elpais.com\/deportes\/2026-04-26\/sawe-es-el-primer-hombre-de-la-historia-en-bajar-de-las-dos-horas-en-un-maraton.html\"><b>Sebastian Sawe<\/b><\/a> <span style=\"font-weight: 400;\">lleg\u00f3 a meta con una marca de <\/span><b>1h59\u201930\u201d <\/b><span style=\"font-weight: 400;\">siendo que ser\u00e1 recordado, en los libros de historia, como el primer ser humano que baj\u00f3 de las dos horas en una <\/span><b>marat\u00f3n<\/b><span style=\"font-weight: 400;\">.<\/span><\/p>\n<\/div>\n<\/div><\/div><\/div><\/div><div id=\"pg-23001-3\"  class=\"panel-grid panel-no-style\" ><div id=\"pgc-23001-3-0\"  class=\"panel-grid-cell\" ><div id=\"panel-23001-3-0-0\" class=\"so-panel widget widget_sow-image panel-first-child panel-last-child\" data-index=\"3\" ><div\n\t\t\t\n\t\t\tclass=\"so-widget-sow-image so-widget-sow-image-default-8b5b6f678277-23001\"\n\t\t\t\n\t\t>\n\n<div class=\"sow-image-container\">\n\t\t\t<a href=\"https:\/\/www.alssport.es\/895-maraton\"\n\t\t\t\t\t>\n\t\t\t<img decoding=\"async\" src=\"https:\/\/www.alssport.es\/blog\/wp-content\/uploads\/2026\/04\/v94oovuojmh7f9y9kgxe.avif\" width=\"1340\" height=\"753\" title=\"Sebastian Sawe Marat\u00f3n de Londres 2026\" alt=\"\" \t\tclass=\"so-widget-image\"\/>\n\t<\/a><\/div>\n\n<\/div><\/div><\/div><\/div><div id=\"pg-23001-4\"  class=\"panel-grid panel-no-style\" ><div id=\"pgc-23001-4-0\"  class=\"panel-grid-cell\" ><div id=\"panel-23001-4-0-0\" class=\"so-panel widget widget_sow-editor panel-first-child panel-last-child\" data-index=\"4\" ><div\n\t\t\t\n\t\t\tclass=\"so-widget-sow-editor so-widget-sow-editor-base\"\n\t\t\t\n\t\t>\n<div class=\"siteorigin-widget-tinymce textwidget\">\n\t<p><span style=\"font-weight: 400;\">Pero es que, adem\u00e1s, <\/span><b>Kejelcha<\/b><span style=\"font-weight: 400;\">, debutante en la distancia, tambi\u00e9n corri\u00f3 por debajo de las dos horas siendo el mejor debutante de la historia con una marca de <\/span><b>1h59\u201941\u201d<\/b><span style=\"font-weight: 400;\">.<\/span><\/p>\n<p><span style=\"font-weight: 400;\">\u00a1Nadie vamos a olvidar este d\u00eda! Mucho menos nuestro compi Yasin que lo vi\u00f3 en directo.<\/span><\/p>\n<p><span style=\"font-weight: 400;\">Por si fuera poco todo esto que se corri\u00f3 en <\/span><b>Londres <\/b><span style=\"font-weight: 400;\">tambi\u00e9n se consigui\u00f3 destrozar el <\/span><b>r\u00e9cord del mundo femenino <\/b><span style=\"font-weight: 400;\">con una <\/span><b>Tigst Assefa <\/b><i><span style=\"font-weight: 400;\">imperial <\/span><\/i><span style=\"font-weight: 400;\">que flot\u00f3 por las calles de la ciudad londinense y arrancar un incre\u00edble registro de <\/span><b>2h15\u201941 <\/b><span style=\"font-weight: 400;\">de la atleta et\u00edope.<\/span><\/p>\n<p><span style=\"font-weight: 400;\">En meta la acompa\u00f1aron <\/span><b>Obiri <\/b><span style=\"font-weight: 400;\">y <\/span><b>Jepkosgei <\/b><span style=\"font-weight: 400;\">para marcar un podium de lujo en una carrera de lujo.<\/span><\/p>\n<p><a href=\"https:\/\/www.alssport.es\/blog\/cronica-maraton-de-valencia\/\"><span style=\"font-weight: 400;\">Esto te puede interesar&gt;Cr\u00f3nica Marat\u00f3n de Valencia<\/span><\/a><\/p>\n<\/div>\n<\/div><\/div><\/div><\/div><div id=\"pg-23001-5\"  class=\"panel-grid panel-no-style\" ><div id=\"pgc-23001-5-0\"  class=\"panel-grid-cell\" ><div id=\"panel-23001-5-0-0\" class=\"so-panel widget widget_sow-image panel-first-child panel-last-child\" data-index=\"5\" ><div\n\t\t\t\n\t\t\tclass=\"so-widget-sow-image so-widget-sow-image-default-8b5b6f678277-23001\"\n\t\t\t\n\t\t>\n\n<div class=\"sow-image-container\">\n\t\t\t<a href=\"https:\/\/www.alssport.es\/895-maraton\"\n\t\t\t\t\t>\n\t\t\t<img decoding=\"async\" src=\"https:\/\/www.alssport.es\/blog\/wp-content\/uploads\/2026\/04\/Plantilla_publis_2021-02.jpg\" width=\"1920\" height=\"1122\" title=\"Tigst Assefa Marat\u00f3n de Londres 2026:\" alt=\"\" \t\tclass=\"so-widget-image\"\/>\n\t<\/a><\/div>\n\n<\/div><\/div><\/div><\/div><div id=\"pg-23001-6\"  class=\"panel-grid panel-no-style\" ><div id=\"pgc-23001-6-0\"  class=\"panel-grid-cell\" ><div id=\"panel-23001-6-0-0\" class=\"so-panel widget widget_sow-editor panel-first-child panel-last-child\" data-index=\"6\" ><div\n\t\t\t\n\t\t\tclass=\"so-widget-sow-editor so-widget-sow-editor-base\"\n\t\t\t\n\t\t>\n<div class=\"siteorigin-widget-tinymce textwidget\">\n\t<p><span style=\"font-weight: 400;\">\u00a1No sabemos si pudiste ver la carrera en directo! Si no es as\u00ed, intenta encontrar la narraci\u00f3n en directo de este momento para la historia porque fue realmente emocionante y digno de ser disfrutado.<\/span><\/p>\n<p><span style=\"font-weight: 400;\">\u00a1Gracias al atletismo por estos momentos de emociones y de ilusi\u00f3n!<\/span><\/p>\n<p><span style=\"font-weight: 400;\">\u00a1Qu\u00e9 \u00e9poca maravillosa estamos viviendo!<\/span><\/p>\n<\/div>\n<\/div><\/div><\/div><\/div><\/div>","protected":false},"excerpt":{"rendered":"<p>Menudo fin de semana de emociones fuertes hemos vivido. Lo que cre\u00edamos imposible ha sucedido. Y, adem\u00e1s, casi por partida doble. Han ca\u00eddo, en la misma carrera, los r\u00e9cords del mundo de marat\u00f3n. El escenario ten\u00eda que ser de leyenda [&hellip;]<\/p>\n","protected":false},"author":7,"featured_media":23049,"comment_status":"closed","ping_status":"closed","sticky":false,"template":"","format":"standard","meta":{"_uf_show_specific_survey":0,"_uf_disable_surveys":false,"footnotes":""},"categories":[3],"tags":[72],"class_list":["post-23001","post","type-post","status-publish","format-standard","has-post-thumbnail","hentry","category-eventos","tag-maraton"],"yoast_head":"<!-- This site is optimized with the Yoast SEO plugin v25.6 - https:\/\/yoast.com\/wordpress\/plugins\/seo\/ -->\n<title>Cr\u00f3nica Marat\u00f3n de Londres 2026: la marat\u00f3n de los records | ALS Sport<\/title>\n<meta name=\"description\" content=\"\u00a1Menuda barbaridad! As\u00ed vivimos la Marat\u00f3n de Londres 2026 con nuestro corresponsal Yasin que estuvo en un momento hist\u00f3rico.\" \/>\n<meta name=\"robots\" content=\"index, follow, max-snippet:-1, max-image-preview:large, max-video-preview:-1\" \/>\n<link rel=\"canonical\" href=\"https:\/\/www.alssport.es\/blog\/cronica-maraton-de-londres-2026-la-maraton-de-los-records\/\" \/>\n<meta property=\"og:locale\" content=\"es_ES\" \/>\n<meta property=\"og:type\" content=\"article\" \/>\n<meta property=\"og:title\" content=\"Cr\u00f3nica Marat\u00f3n de Londres 2026: la marat\u00f3n de los records | ALS Sport\" \/>\n<meta property=\"og:description\" content=\"\u00a1Menuda barbaridad! As\u00ed vivimos la Marat\u00f3n de Londres 2026 con nuestro corresponsal Yasin que estuvo en un momento hist\u00f3rico.\" \/>\n<meta property=\"og:url\" content=\"https:\/\/www.alssport.es\/blog\/cronica-maraton-de-londres-2026-la-maraton-de-los-records\/\" \/>\n<meta property=\"og:site_name\" content=\"ALS Sport\" \/>\n<meta property=\"article:published_time\" content=\"2026-04-27T09:20:49+00:00\" \/>\n<meta property=\"article:modified_time\" content=\"2026-04-27T12:23:08+00:00\" \/>\n<meta property=\"og:image\" content=\"https:\/\/www.alssport.es\/blog\/wp-content\/uploads\/2026\/04\/vcbfgb.jpg\" \/>\n\t<meta property=\"og:image:width\" content=\"1920\" \/>\n\t<meta property=\"og:image:height\" content=\"1122\" \/>\n\t<meta property=\"og:image:type\" content=\"image\/jpeg\" \/>\n<meta name=\"author\" content=\"Carga de Producto\" \/>\n<meta name=\"twitter:card\" content=\"summary_large_image\" \/>\n<meta name=\"twitter:creator\" content=\"@als_sport_es\" \/>\n<meta name=\"twitter:site\" content=\"@als_sport_es\" \/>\n<meta name=\"twitter:label1\" content=\"Escrito por\" \/>\n\t<meta name=\"twitter:data1\" content=\"Carga de Producto\" \/>\n\t<meta name=\"twitter:label2\" content=\"Tiempo de lectura\" \/>\n\t<meta name=\"twitter:data2\" content=\"4 minutos\" \/>\n<script type=\"application\/ld+json\" class=\"yoast-schema-graph\">{\"@context\":\"https:\/\/schema.org\",\"@graph\":[{\"@type\":\"NewsArticle\",\"@id\":\"https:\/\/www.alssport.es\/blog\/cronica-maraton-de-londres-2026-la-maraton-de-los-records\/#article\",\"isPartOf\":{\"@id\":\"https:\/\/www.alssport.es\/blog\/cronica-maraton-de-londres-2026-la-maraton-de-los-records\/\"},\"author\":{\"name\":\"Carga de Producto\",\"@id\":\"https:\/\/www.alssport.es\/blog\/#\/schema\/person\/8cde5c573098139136151a5e33062320\"},\"headline\":\"Cr\u00f3nica Marat\u00f3n de Londres 2026: la marat\u00f3n de los records\",\"datePublished\":\"2026-04-27T09:20:49+00:00\",\"dateModified\":\"2026-04-27T12:23:08+00:00\",\"mainEntityOfPage\":{\"@id\":\"https:\/\/www.alssport.es\/blog\/cronica-maraton-de-londres-2026-la-maraton-de-los-records\/\"},\"wordCount\":659,\"publisher\":{\"@id\":\"https:\/\/www.alssport.es\/blog\/#organization\"},\"image\":{\"@id\":\"https:\/\/www.alssport.es\/blog\/cronica-maraton-de-londres-2026-la-maraton-de-los-records\/#primaryimage\"},\"thumbnailUrl\":\"https:\/\/www.alssport.es\/blog\/wp-content\/uploads\/2026\/04\/vcbfgb.jpg\",\"keywords\":[\"Marat\u00f3n\"],\"articleSection\":[\"Eventos\"],\"inLanguage\":\"es\",\"copyrightYear\":\"2026\",\"copyrightHolder\":{\"@id\":\"https:\/\/www.alssport.es\/blog\/#organization\"}},{\"@type\":[\"WebPage\",\"ItemPage\"],\"@id\":\"https:\/\/www.alssport.es\/blog\/cronica-maraton-de-londres-2026-la-maraton-de-los-records\/\",\"url\":\"https:\/\/www.alssport.es\/blog\/cronica-maraton-de-londres-2026-la-maraton-de-los-records\/\",\"name\":\"Cr\u00f3nica Marat\u00f3n de Londres 2026: la marat\u00f3n de los records | ALS Sport\",\"isPartOf\":{\"@id\":\"https:\/\/www.alssport.es\/blog\/#website\"},\"primaryImageOfPage\":{\"@id\":\"https:\/\/www.alssport.es\/blog\/cronica-maraton-de-londres-2026-la-maraton-de-los-records\/#primaryimage\"},\"image\":{\"@id\":\"https:\/\/www.alssport.es\/blog\/cronica-maraton-de-londres-2026-la-maraton-de-los-records\/#primaryimage\"},\"thumbnailUrl\":\"https:\/\/www.alssport.es\/blog\/wp-content\/uploads\/2026\/04\/vcbfgb.jpg\",\"datePublished\":\"2026-04-27T09:20:49+00:00\",\"dateModified\":\"2026-04-27T12:23:08+00:00\",\"description\":\"\u00a1Menuda barbaridad! As\u00ed vivimos la Marat\u00f3n de Londres 2026 con nuestro corresponsal Yasin que estuvo en un momento hist\u00f3rico.\",\"breadcrumb\":{\"@id\":\"https:\/\/www.alssport.es\/blog\/cronica-maraton-de-londres-2026-la-maraton-de-los-records\/#breadcrumb\"},\"inLanguage\":\"es\",\"potentialAction\":[{\"@type\":\"ReadAction\",\"target\":[\"https:\/\/www.alssport.es\/blog\/cronica-maraton-de-londres-2026-la-maraton-de-los-records\/\"]}]},{\"@type\":\"ImageObject\",\"inLanguage\":\"es\",\"@id\":\"https:\/\/www.alssport.es\/blog\/cronica-maraton-de-londres-2026-la-maraton-de-los-records\/#primaryimage\",\"url\":\"https:\/\/www.alssport.es\/blog\/wp-content\/uploads\/2026\/04\/vcbfgb.jpg\",\"contentUrl\":\"https:\/\/www.alssport.es\/blog\/wp-content\/uploads\/2026\/04\/vcbfgb.jpg\",\"width\":1920,\"height\":1122},{\"@type\":\"BreadcrumbList\",\"@id\":\"https:\/\/www.alssport.es\/blog\/cronica-maraton-de-londres-2026-la-maraton-de-los-records\/#breadcrumb\",\"itemListElement\":[{\"@type\":\"ListItem\",\"position\":1,\"name\":\"Portada\",\"item\":\"https:\/\/www.alssport.es\/blog\/\"},{\"@type\":\"ListItem\",\"position\":2,\"name\":\"Cr\u00f3nica Marat\u00f3n de Londres 2026: la marat\u00f3n de los records\"}]},{\"@type\":\"WebSite\",\"@id\":\"https:\/\/www.alssport.es\/blog\/#website\",\"url\":\"https:\/\/www.alssport.es\/blog\/\",\"name\":\"Als Sport\",\"description\":\"Descubre nuestros consejos para mejorar tu rendimiento, reviews de las mejores zapatillas running y la cobertura de los eventos exclusivos para corredores.\",\"publisher\":{\"@id\":\"https:\/\/www.alssport.es\/blog\/#organization\"},\"potentialAction\":[{\"@type\":\"SearchAction\",\"target\":{\"@type\":\"EntryPoint\",\"urlTemplate\":\"https:\/\/www.alssport.es\/blog\/?s={search_term_string}\"},\"query-input\":{\"@type\":\"PropertyValueSpecification\",\"valueRequired\":true,\"valueName\":\"search_term_string\"}}],\"inLanguage\":\"es\"},{\"@type\":\"Organization\",\"@id\":\"https:\/\/www.alssport.es\/blog\/#organization\",\"name\":\"Als Sport\",\"url\":\"https:\/\/www.alssport.es\/blog\/\",\"logo\":{\"@type\":\"ImageObject\",\"inLanguage\":\"es\",\"@id\":\"https:\/\/www.alssport.es\/blog\/#\/schema\/logo\/image\/\",\"url\":\"https:\/\/www.alssport.es\/blog\/wp-content\/uploads\/2022\/04\/als-fav.png\",\"contentUrl\":\"https:\/\/www.alssport.es\/blog\/wp-content\/uploads\/2022\/04\/als-fav.png\",\"width\":200,\"height\":200,\"caption\":\"Als Sport\"},\"image\":{\"@id\":\"https:\/\/www.alssport.es\/blog\/#\/schema\/logo\/image\/\"},\"sameAs\":[\"https:\/\/x.com\/als_sport_es\",\"https:\/\/www.instagram.com\/als_sport\/\",\"https:\/\/www.youtube.com\/c\/alssportesgr\"]},{\"@type\":\"Person\",\"@id\":\"https:\/\/www.alssport.es\/blog\/#\/schema\/person\/8cde5c573098139136151a5e33062320\",\"name\":\"Carga de Producto\",\"image\":{\"@type\":\"ImageObject\",\"inLanguage\":\"es\",\"@id\":\"https:\/\/www.alssport.es\/blog\/#\/schema\/person\/image\/\",\"url\":\"https:\/\/secure.gravatar.com\/avatar\/ef7ac6437e3f2103fcca994ce3b7f8de?s=96&d=mm&r=g\",\"contentUrl\":\"https:\/\/secure.gravatar.com\/avatar\/ef7ac6437e3f2103fcca994ce3b7f8de?s=96&d=mm&r=g\",\"caption\":\"Carga de Producto\"}}]}<\/script>\n<!-- \/ Yoast SEO plugin. -->","yoast_head_json":{"title":"Cr\u00f3nica Marat\u00f3n de Londres 2026: la marat\u00f3n de los records | ALS Sport","description":"\u00a1Menuda barbaridad! As\u00ed vivimos la Marat\u00f3n de Londres 2026 con nuestro corresponsal Yasin que estuvo en un momento hist\u00f3rico.","robots":{"index":"index","follow":"follow","max-snippet":"max-snippet:-1","max-image-preview":"max-image-preview:large","max-video-preview":"max-video-preview:-1"},"canonical":"https:\/\/www.alssport.es\/blog\/cronica-maraton-de-londres-2026-la-maraton-de-los-records\/","og_locale":"es_ES","og_type":"article","og_title":"Cr\u00f3nica Marat\u00f3n de Londres 2026: la marat\u00f3n de los records | ALS Sport","og_description":"\u00a1Menuda barbaridad! As\u00ed vivimos la Marat\u00f3n de Londres 2026 con nuestro corresponsal Yasin que estuvo en un momento hist\u00f3rico.","og_url":"https:\/\/www.alssport.es\/blog\/cronica-maraton-de-londres-2026-la-maraton-de-los-records\/","og_site_name":"ALS Sport","article_published_time":"2026-04-27T09:20:49+00:00","article_modified_time":"2026-04-27T12:23:08+00:00","og_image":[{"width":1920,"height":1122,"url":"https:\/\/www.alssport.es\/blog\/wp-content\/uploads\/2026\/04\/vcbfgb.jpg","type":"image\/jpeg"}],"author":"Carga de Producto","twitter_card":"summary_large_image","twitter_creator":"@als_sport_es","twitter_site":"@als_sport_es","twitter_misc":{"Escrito por":"Carga de Producto","Tiempo de lectura":"4 minutos"},"schema":{"@context":"https:\/\/schema.org","@graph":[{"@type":"NewsArticle","@id":"https:\/\/www.alssport.es\/blog\/cronica-maraton-de-londres-2026-la-maraton-de-los-records\/#article","isPartOf":{"@id":"https:\/\/www.alssport.es\/blog\/cronica-maraton-de-londres-2026-la-maraton-de-los-records\/"},"author":{"name":"Carga de Producto","@id":"https:\/\/www.alssport.es\/blog\/#\/schema\/person\/8cde5c573098139136151a5e33062320"},"headline":"Cr\u00f3nica Marat\u00f3n de Londres 2026: la marat\u00f3n de los records","datePublished":"2026-04-27T09:20:49+00:00","dateModified":"2026-04-27T12:23:08+00:00","mainEntityOfPage":{"@id":"https:\/\/www.alssport.es\/blog\/cronica-maraton-de-londres-2026-la-maraton-de-los-records\/"},"wordCount":659,"publisher":{"@id":"https:\/\/www.alssport.es\/blog\/#organization"},"image":{"@id":"https:\/\/www.alssport.es\/blog\/cronica-maraton-de-londres-2026-la-maraton-de-los-records\/#primaryimage"},"thumbnailUrl":"https:\/\/www.alssport.es\/blog\/wp-content\/uploads\/2026\/04\/vcbfgb.jpg","keywords":["Marat\u00f3n"],"articleSection":["Eventos"],"inLanguage":"es","copyrightYear":"2026","copyrightHolder":{"@id":"https:\/\/www.alssport.es\/blog\/#organization"}},{"@type":["WebPage","ItemPage"],"@id":"https:\/\/www.alssport.es\/blog\/cronica-maraton-de-londres-2026-la-maraton-de-los-records\/","url":"https:\/\/www.alssport.es\/blog\/cronica-maraton-de-londres-2026-la-maraton-de-los-records\/","name":"Cr\u00f3nica Marat\u00f3n de Londres 2026: la marat\u00f3n de los records | ALS Sport","isPartOf":{"@id":"https:\/\/www.alssport.es\/blog\/#website"},"primaryImageOfPage":{"@id":"https:\/\/www.alssport.es\/blog\/cronica-maraton-de-londres-2026-la-maraton-de-los-records\/#primaryimage"},"image":{"@id":"https:\/\/www.alssport.es\/blog\/cronica-maraton-de-londres-2026-la-maraton-de-los-records\/#primaryimage"},"thumbnailUrl":"https:\/\/www.alssport.es\/blog\/wp-content\/uploads\/2026\/04\/vcbfgb.jpg","datePublished":"2026-04-27T09:20:49+00:00","dateModified":"2026-04-27T12:23:08+00:00","description":"\u00a1Menuda barbaridad! As\u00ed vivimos la Marat\u00f3n de Londres 2026 con nuestro corresponsal Yasin que estuvo en un momento hist\u00f3rico.","breadcrumb":{"@id":"https:\/\/www.alssport.es\/blog\/cronica-maraton-de-londres-2026-la-maraton-de-los-records\/#breadcrumb"},"inLanguage":"es","potentialAction":[{"@type":"ReadAction","target":["https:\/\/www.alssport.es\/blog\/cronica-maraton-de-londres-2026-la-maraton-de-los-records\/"]}]},{"@type":"ImageObject","inLanguage":"es","@id":"https:\/\/www.alssport.es\/blog\/cronica-maraton-de-londres-2026-la-maraton-de-los-records\/#primaryimage","url":"https:\/\/www.alssport.es\/blog\/wp-content\/uploads\/2026\/04\/vcbfgb.jpg","contentUrl":"https:\/\/www.alssport.es\/blog\/wp-content\/uploads\/2026\/04\/vcbfgb.jpg","width":1920,"height":1122},{"@type":"BreadcrumbList","@id":"https:\/\/www.alssport.es\/blog\/cronica-maraton-de-londres-2026-la-maraton-de-los-records\/#breadcrumb","itemListElement":[{"@type":"ListItem","position":1,"name":"Portada","item":"https:\/\/www.alssport.es\/blog\/"},{"@type":"ListItem","position":2,"name":"Cr\u00f3nica Marat\u00f3n de Londres 2026: la marat\u00f3n de los records"}]},{"@type":"WebSite","@id":"https:\/\/www.alssport.es\/blog\/#website","url":"https:\/\/www.alssport.es\/blog\/","name":"Als Sport","description":"Descubre nuestros consejos para mejorar tu rendimiento, reviews de las mejores zapatillas running y la cobertura de los eventos exclusivos para corredores.","publisher":{"@id":"https:\/\/www.alssport.es\/blog\/#organization"},"potentialAction":[{"@type":"SearchAction","target":{"@type":"EntryPoint","urlTemplate":"https:\/\/www.alssport.es\/blog\/?s={search_term_string}"},"query-input":{"@type":"PropertyValueSpecification","valueRequired":true,"valueName":"search_term_string"}}],"inLanguage":"es"},{"@type":"Organization","@id":"https:\/\/www.alssport.es\/blog\/#organization","name":"Als Sport","url":"https:\/\/www.alssport.es\/blog\/","logo":{"@type":"ImageObject","inLanguage":"es","@id":"https:\/\/www.alssport.es\/blog\/#\/schema\/logo\/image\/","url":"https:\/\/www.alssport.es\/blog\/wp-content\/uploads\/2022\/04\/als-fav.png","contentUrl":"https:\/\/www.alssport.es\/blog\/wp-content\/uploads\/2022\/04\/als-fav.png","width":200,"height":200,"caption":"Als Sport"},"image":{"@id":"https:\/\/www.alssport.es\/blog\/#\/schema\/logo\/image\/"},"sameAs":["https:\/\/x.com\/als_sport_es","https:\/\/www.instagram.com\/als_sport\/","https:\/\/www.youtube.com\/c\/alssportesgr"]},{"@type":"Person","@id":"https:\/\/www.alssport.es\/blog\/#\/schema\/person\/8cde5c573098139136151a5e33062320","name":"Carga de Producto","image":{"@type":"ImageObject","inLanguage":"es","@id":"https:\/\/www.alssport.es\/blog\/#\/schema\/person\/image\/","url":"https:\/\/secure.gravatar.com\/avatar\/ef7ac6437e3f2103fcca994ce3b7f8de?s=96&d=mm&r=g","contentUrl":"https:\/\/secure.gravatar.com\/avatar\/ef7ac6437e3f2103fcca994ce3b7f8de?s=96&d=mm&r=g","caption":"Carga de Producto"}}]}},"_links":{"self":[{"href":"https:\/\/www.alssport.es\/blog\/wp-json\/wp\/v2\/posts\/23001"}],"collection":[{"href":"https:\/\/www.alssport.es\/blog\/wp-json\/wp\/v2\/posts"}],"about":[{"href":"https:\/\/www.alssport.es\/blog\/wp-json\/wp\/v2\/types\/post"}],"author":[{"embeddable":true,"href":"https:\/\/www.alssport.es\/blog\/wp-json\/wp\/v2\/users\/7"}],"replies":[{"embeddable":true,"href":"https:\/\/www.alssport.es\/blog\/wp-json\/wp\/v2\/comments?post=23001"}],"version-history":[{"count":14,"href":"https:\/\/www.alssport.es\/blog\/wp-json\/wp\/v2\/posts\/23001\/revisions"}],"predecessor-version":[{"id":23048,"href":"https:\/\/www.alssport.es\/blog\/wp-json\/wp\/v2\/posts\/23001\/revisions\/23048"}],"wp:featuredmedia":[{"embeddable":true,"href":"https:\/\/www.alssport.es\/blog\/wp-json\/wp\/v2\/media\/23049"}],"wp:attachment":[{"href":"https:\/\/www.alssport.es\/blog\/wp-json\/wp\/v2\/media?parent=23001"}],"wp:term":[{"taxonomy":"category","embeddable":true,"href":"https:\/\/www.alssport.es\/blog\/wp-json\/wp\/v2\/categories?post=23001"},{"taxonomy":"post_tag","embeddable":true,"href":"https:\/\/www.alssport.es\/blog\/wp-json\/wp\/v2\/tags?post=23001"}],"curies":[{"name":"wp","href":"https:\/\/api.w.org\/{rel}","templated":true}]}}